{"id":1297,"date":"2017-01-31T17:50:10","date_gmt":"2017-01-31T17:50:10","guid":{"rendered":"http:\/\/www.artemis-arte-pedagogia.it\/?p=1297"},"modified":"2017-03-01T10:12:32","modified_gmt":"2017-03-01T10:12:32","slug":"1702-conferenza-gli-strumenti-tecnologici-come-pensano-e-come-ci-inducono-a-pensare","status":"publish","type":"post","link":"https:\/\/www.artemis-arte-pedagogia.it\/?p=1297","title":{"rendered":"17\/02 Conferenza &#8211; Gli strumenti tecnologici: come pensano e come ci inducono a pensare"},"content":{"rendered":"<p>VENERD\u00ec 17 febbraio vi invitiamo a questa conferenza<\/p>\n<p>Gli strumenti tecnologici: come pensano e come ci inducono a pensare. Tra aspetti storici, statistici, retroscena e curiosit\u00e0. Per non essere solo fruitori passivi di ci\u00f2 che \u00e8 ormai parte integrante della quotidianit\u00e0 nostra e dei nostri figli.<\/p>\n<p><em>Relatore: Omar Pittau, ingegnere informatico e socio fondatore dell&#8217;associazione Artemis. Sta concludendo la formazione in pedagogia steineriana presso l&#8217;Accademia Aldo Bargero di Oriago di Mira (VE).<\/em><\/p>\n<p>Ingresso libero.<br \/>\nTrieste, Androna San Saverio 1 (San Giusto)<br \/>\ntel. 347 9398023<br \/>\nemail: artemis.arte.pedagogia@gmail.com<\/p>\n<p>Vi aspettiamo!<\/p>\n<!-- AddThis Advanced Settings generic via filter on the_content --><!-- AddThis Share Buttons generic via filter on the_content -->","protected":false},"excerpt":{"rendered":"<p>VENERD\u00ec 17 febbraio vi invitiamo a questa conferenza Gli strumenti tecnologici: come pensano e come ci inducono a pensare. Tra aspetti storici, statistici, retroscena e curiosit\u00e0. Per non essere solo fruitori passivi di ci\u00f2 che \u00e8 ormai parte integrante della quotidianit\u00e0 nostra e dei nostri figli. Relatore: Omar Pittau, ingegnere informatico e socio fondatore dell&#8217;associazione Artemis. Sta concludendo la formazione in pedagogia steineriana presso l&#8217;Accademia Aldo Bargero di Oriago di Mira (VE). Ingresso libero. Trieste, Androna San Saverio 1 (San<a class=\"more-link\" href=\"https:\/\/www.artemis-arte-pedagogia.it\/?p=1297\"><span>Continua a leggere&#8230;<\/span><\/a><!-- AddThis Advanced Settings generic via filter on get_the_excerpt --><!-- AddThis Share Buttons generic via filter on get_the_excerpt --><\/p>\n","protected":false},"author":1,"featured_media":852,"comment_status":"closed","ping_status":"closed","sticky":false,"template":"","format":"standard","meta":{"ngg_post_thumbnail":0},"categories":[4],"tags":[],"_links":{"self":[{"href":"https:\/\/www.artemis-arte-pedagogia.it\/index.php?rest_route=\/wp\/v2\/posts\/1297"}],"collection":[{"href":"https:\/\/www.artemis-arte-pedagogia.it\/index.php?rest_route=\/wp\/v2\/posts"}],"about":[{"href":"https:\/\/www.artemis-arte-pedagogia.it\/index.php?rest_route=\/wp\/v2\/types\/post"}],"author":[{"embeddable":true,"href":"https:\/\/www.artemis-arte-pedagogia.it\/index.php?rest_route=\/wp\/v2\/users\/1"}],"replies":[{"embeddable":true,"href":"https:\/\/www.artemis-arte-pedagogia.it\/index.php?rest_route=%2Fwp%2Fv2%2Fcomments&post=1297"}],"version-history":[{"count":1,"href":"https:\/\/www.artemis-arte-pedagogia.it\/index.php?rest_route=\/wp\/v2\/posts\/1297\/revisions"}],"predecessor-version":[{"id":1298,"href":"https:\/\/www.artemis-arte-pedagogia.it\/index.php?rest_route=\/wp\/v2\/posts\/1297\/revisions\/1298"}],"wp:featuredmedia":[{"embeddable":true,"href":"https:\/\/www.artemis-arte-pedagogia.it\/index.php?rest_route=\/wp\/v2\/media\/852"}],"wp:attachment":[{"href":"https:\/\/www.artemis-arte-pedagogia.it\/index.php?rest_route=%2Fwp%2Fv2%2Fmedia&parent=1297"}],"wp:term":[{"taxonomy":"category","embeddable":true,"href":"https:\/\/www.artemis-arte-pedagogia.it\/index.php?rest_route=%2Fwp%2Fv2%2Fcategories&post=1297"},{"taxonomy":"post_tag","embeddable":true,"href":"https:\/\/www.artemis-arte-pedagogia.it\/index.php?rest_route=%2Fwp%2Fv2%2Ftags&post=1297"}],"curies":[{"name":"wp","href":"https:\/\/api.w.org\/{rel}","templated":true}]}}