{"id":1337,"date":"2017-05-10T16:45:10","date_gmt":"2017-05-10T16:45:10","guid":{"rendered":"http:\/\/www.artemis-arte-pedagogia.it\/?p=1337"},"modified":"2017-06-23T13:20:34","modified_gmt":"2017-06-23T13:20:34","slug":"806-incontro-quando-il-bambino-e-pronto-per-la-scuola-dinfanzia-e-quando-e-pronto-per-la-scuola","status":"publish","type":"post","link":"https:\/\/www.artemis-arte-pedagogia.it\/?p=1337","title":{"rendered":"8\/06 Incontro: Quando il bambino \u00e8 pronto per la scuola d&#8217;infanzia? E quando \u00e8 pronto per la scuola?"},"content":{"rendered":"<div id=\"m_-667779945857864846yui_3_16_0_ym19_1_1483955587000_33272\"><strong><span id=\"m_-667779945857864846yui_3_16_0_ym19_1_1483955587000_33273\">Gioved\u00ec 8\u00a0giugno\u00a0alle ore 17.30\u00a0<\/span><\/strong><\/div>\n<div><strong>Presso la\u00a0sede della nostra associazione in androna san Saverio 1<\/strong><\/div>\n<div><\/div>\n<div>Vi invitiamo all&#8217;incontro sul tema:<\/div>\n<div style=\"text-align: left;\"><strong>Quando il bambino \u00e8 pronto per la scuola d&#8217;infanzia? E quando \u00e8 pronto per la scuola? <\/strong><\/div>\n<div style=\"text-align: left;\">Svolgeremo insieme delle osservazioni sullo sviluppo del bambino e su quali attivit\u00e0, nell&#8217;ambiente casalingo e scolastico, favoriscano un salutare apprendimento consono alle varie et\u00e0.<\/div>\n<div style=\"text-align: left;\"><\/div>\n<div style=\"text-align: left;\">L&#8217;incontro sar\u00e0 condotto dagli insegnanti formati in pedagogia steineriana dell&#8217;associazione Artemis.<\/div>\n<div style=\"text-align: left;\"><\/div>\n<div style=\"text-align: left;\">L&#8217;ingresso \u00e8 libero, vi aspettiamo!<\/div>\n<div style=\"text-align: left;\">Per info: 3479398023<\/div>\n<div style=\"text-align: left;\"><\/div>\n<div style=\"text-align: left;\"><\/div>\n<!-- AddThis Advanced Settings generic via filter on the_content --><!-- AddThis Share Buttons generic via filter on the_content -->","protected":false},"excerpt":{"rendered":"<p>Gioved\u00ec 8\u00a0giugno\u00a0alle ore 17.30\u00a0 Presso la\u00a0sede della nostra associazione in androna san Saverio 1 Vi invitiamo all&#8217;incontro sul tema: Quando il bambino \u00e8 pronto per la scuola d&#8217;infanzia? E quando \u00e8 pronto per la scuola? Svolgeremo insieme delle osservazioni sullo sviluppo del bambino e su quali attivit\u00e0, nell&#8217;ambiente casalingo e scolastico, favoriscano un salutare apprendimento consono alle varie et\u00e0. L&#8217;incontro sar\u00e0 condotto dagli insegnanti formati in pedagogia steineriana dell&#8217;associazione Artemis. L&#8217;ingresso \u00e8 libero, vi aspettiamo! Per info: 3479398023<!-- AddThis Advanced Settings generic via filter on get_the_excerpt --><!-- AddThis Share Buttons generic via filter on get_the_excerpt --><\/p>\n","protected":false},"author":1,"featured_media":47,"comment_status":"closed","ping_status":"closed","sticky":false,"template":"","format":"standard","meta":{"ngg_post_thumbnail":0},"categories":[4],"tags":[],"_links":{"self":[{"href":"https:\/\/www.artemis-arte-pedagogia.it\/index.php?rest_route=\/wp\/v2\/posts\/1337"}],"collection":[{"href":"https:\/\/www.artemis-arte-pedagogia.it\/index.php?rest_route=\/wp\/v2\/posts"}],"about":[{"href":"https:\/\/www.artemis-arte-pedagogia.it\/index.php?rest_route=\/wp\/v2\/types\/post"}],"author":[{"embeddable":true,"href":"https:\/\/www.artemis-arte-pedagogia.it\/index.php?rest_route=\/wp\/v2\/users\/1"}],"replies":[{"embeddable":true,"href":"https:\/\/www.artemis-arte-pedagogia.it\/index.php?rest_route=%2Fwp%2Fv2%2Fcomments&post=1337"}],"version-history":[{"count":4,"href":"https:\/\/www.artemis-arte-pedagogia.it\/index.php?rest_route=\/wp\/v2\/posts\/1337\/revisions"}],"predecessor-version":[{"id":1343,"href":"https:\/\/www.artemis-arte-pedagogia.it\/index.php?rest_route=\/wp\/v2\/posts\/1337\/revisions\/1343"}],"wp:featuredmedia":[{"embeddable":true,"href":"https:\/\/www.artemis-arte-pedagogia.it\/index.php?rest_route=\/wp\/v2\/media\/47"}],"wp:attachment":[{"href":"https:\/\/www.artemis-arte-pedagogia.it\/index.php?rest_route=%2Fwp%2Fv2%2Fmedia&parent=1337"}],"wp:term":[{"taxonomy":"category","embeddable":true,"href":"https:\/\/www.artemis-arte-pedagogia.it\/index.php?rest_route=%2Fwp%2Fv2%2Fcategories&post=1337"},{"taxonomy":"post_tag","embeddable":true,"href":"https:\/\/www.artemis-arte-pedagogia.it\/index.php?rest_route=%2Fwp%2Fv2%2Ftags&post=1337"}],"curies":[{"name":"wp","href":"https:\/\/api.w.org\/{rel}","templated":true}]}}