{"id":1428,"date":"2018-02-09T07:55:22","date_gmt":"2018-02-09T07:55:22","guid":{"rendered":"http:\/\/www.artemis-arte-pedagogia.it\/?p=1428"},"modified":"2018-03-07T16:26:35","modified_gmt":"2018-03-07T16:26:35","slug":"2302-conferenza-il-piano-di-studi-steiner-waldorf-il-percorso-pedagogico-dalla-1-all8-classe","status":"publish","type":"post","link":"https:\/\/www.artemis-arte-pedagogia.it\/?p=1428","title":{"rendered":"23\/02 Conferenza: Il piano di studi Steiner-Waldorf, il percorso pedagogico dalla 1^ all&#8217;8^ classe"},"content":{"rendered":"<p><strong><span class=\"text_exposed_show\">Marted\u00ec 23\/02 &#8211; ore 18:00<br \/>\nCaff\u00e8 San Marco \u2013 via Cesare Battisti, 18 &#8211; ingresso libero<\/span><\/strong><\/p>\n<p class=\"western\"><span style=\"font-family: Andalus, serif;\">Il relatore, Mauro Franzin &#8211; maestro di classe e di materia nelle scuole Steiner-Waldorf, affronter\u00e0 il tema della conferenza con esempi pratici tratti dalla pratica d&#8217;insegnamento in vista del prossimo inizio di questo percorso educativo a Trieste.<\/span><\/p>\n<p class=\"western\"><span style=\"font-family: Andalus, serif;\">Il piano di studi Steiner-Waldorf segue con precisione l&#8217;evoluzione del bambino, attraverso scienze, arte e attivit\u00e0 pratiche.<\/span><\/p>\n<p class=\"western\"><span style=\"font-family: Andalus, serif;\">Nel corso della conferenza si presenteranno gli aspetti antropologici e didattici che caratterizzano la pedagogia steineriana nel periodo dell&#8217;obbligo scolastico: osservazione dei punti di svolta evolutivi del bambino, momenti critici nelle diverse et\u00e0 e conseguenti opportunit\u00e0 di maturazione e sviluppo.<\/span><\/p>\n<p class=\"western\"><span style=\"font-family: Andalus, serif;\">Le discipline didattiche rispondono concretamente a queste domande evolutive fornendo, oltre all&#8217;istruzione, durature basi per uno sviluppo armonico dell&#8217;individuo.<\/span><\/p>\n<p class=\"western\"><span style=\"color: #000000;\"><span style=\"font-family: Andalus, serif;\">La pedagogia Steiner-Waldorf, in costante espansione in ogni continente, ha le sue radici nella concezione dell\u2019uomo e del mondo di Rudolf Steiner. Si fonda sulla continua ricerca scientifico-artistico-pratica dell\u2019insegnante e della compagine sociale che sostiene questa impresa culturale. Oggi pi\u00f9 che mai si sta rivelando un eccellente antidoto agli attacchi che pervengono alla libert\u00e0 dell&#8217;uomo e alla sua sfera emozionale nel periodo dell&#8217;infanzia e dell&#8217;adolescenza.<\/span><\/span><\/p>\n<p class=\"western\"><span style=\"font-family: Andalus, serif;\">Dalla prima scuola a Stoccarda nel 1919, ora troviamo oltre 2600 scuole Steiner-Waldorf nei 5 continenti. Una pedagogia che si dimostra davvero universale, capace di essere rielaborata e applicata con successo nel rispetto di qualsiasi contesto sociale e culturale.<\/span><\/p>\n<p class=\"western\"><span style=\"font-family: Andalus, serif;\">Si osserva al giorno d&#8217;oggi povert\u00e0 pedagogica-educativa, anticipazione delle tappe evolutive del bambino, generale iperstimolazione sensoriale attraverso strumenti di realt\u00e0 virtuale e ipostimolazione con oggetti reali, precocizzazione intellettiva. I bambini di oggi si mostrano spesso stanchi, svogliati, parrebbero pigri. In realt\u00e0 non hanno sviluppato a sufficienza coordinazione, abilit\u00e0 motoria e forze di entusiasmo e volont\u00e0, accanto all\u2019amore per la conoscenza.<\/span><\/p>\n<p class=\"western\"><span style=\"font-family: Andalus, serif;\">Un lavoro che sostenga la famiglia e che porti salute e benessere fisico ed emozionale si rende urgente e necessario oggi. I bambini e ragazzi hanno bisogno di un ambiente che non solo fornisca un&#8217;istruzione, ma che anche formi, educhi, nel pieno senso del termine, ad affrontare le complessit\u00e0 e le sfide della vita interiore ed esteriore e i genitori stessi necessitano di acquisire strumenti concreti per il loro vivere quotidiano.<\/span><\/p>\n<p class=\"western\"><span style=\"font-family: Andalus, serif;\">A cosa miriamo con questo consolidato e sempre innovativo approccio educativo?<\/span><\/p>\n<ul>\n<li>\n<p class=\"western\"><span style=\"font-family: Andalus, serif;\">Alla conquista delle necessarie cognizioni e delle molteplici intelligenze del bambino.<\/span><\/p>\n<\/li>\n<li>\n<p class=\"western\"><span style=\"font-family: Andalus, serif;\">All\u2019educazione dei sentimenti attraverso l\u2019esperienza del bello.<\/span><\/p>\n<\/li>\n<li>\n<p class=\"western\"><span style=\"font-family: Andalus, serif;\">Alla conquista di competenze relazionali e capacit\u00e0 di cooperazione.<\/span><\/p>\n<\/li>\n<li>\n<p class=\"western\"><span style=\"font-family: Andalus, serif;\">Allo sviluppo dell&#8217;interesse verso le discipline e dell&#8217;iniziativa individuale.<\/span><\/p>\n<\/li>\n<li>\n<p class=\"western\"><span style=\"font-family: Andalus, serif;\">Alla scoperta dei talenti personali.<\/span><\/p>\n<\/li>\n<\/ul>\n<div id=\"TextSection\" dir=\"ltr\">\n<ul>\n<li>\n<p class=\"western\"><span style=\"font-family: Andalus, serif;\">Ad imparare ad imparare.<\/span><\/p>\n<\/li>\n<\/ul>\n<\/div>\n<div id=\"Sezione1\" dir=\"ltr\">\n<ul>\n<li>\n<p class=\"western\"><span style=\"font-family: Andalus, serif;\">Al benessere generale.<\/span><\/p>\n<\/li>\n<\/ul>\n<p class=\"western\" align=\"center\"><strong><span style=\"color: #000000;\"><span style=\"font-family: Andalus, serif;\"><i>Esistono soltanto tre modi efficaci per educare:<\/i><\/span><\/span><\/strong><\/p>\n<p class=\"western\" align=\"center\"><strong><span style=\"color: #000000;\"><span style=\"font-family: Andalus, serif;\"><i>con la paura, con l&#8217;ambizione, con l&#8217;amore.<\/i><\/span><\/span><\/strong><\/p>\n<p class=\"western\" align=\"center\"><strong><span style=\"color: #000000;\"><span style=\"font-family: Andalus, serif;\"><i>Noi rinunciamo ai primi due.<\/i><\/span><\/span><\/strong><\/p>\n<p class=\"western\" align=\"center\"><strong><span style=\"color: #000000;\"><span style=\"font-family: Andalus, serif;\"><i>Rudolf Steiner<\/i><\/span><\/span><\/strong><\/p>\n<p align=\"center\">&nbsp;<\/p>\n<\/div>\n<p class=\"western\"><em><span style=\"color: #000000;\"><span style=\"font-family: Andalus, serif;\">Mauro Franzin \u00e8 maestro di classe e insegnante di materie entro il ciclo prima\/ottava nelle scuole Steiner-Waldorf e di matematica e fisica per ragazzi delle classi superiori. \u00c8 cofondatore ed amministratore dell\u2019associazione Artemis che promuove attivit\u00e0 culturali e gestisce percorsi pedagogici steineriani per bambini a Trieste.<\/span><\/span><\/em><\/p>\n<!-- AddThis Advanced Settings generic via filter on the_content --><!-- AddThis Share Buttons generic via filter on the_content -->","protected":false},"excerpt":{"rendered":"<p>Marted\u00ec 23\/02 &#8211; ore 18:00 Caff\u00e8 San Marco \u2013 via Cesare Battisti, 18 &#8211; ingresso libero Il relatore, Mauro Franzin &#8211; maestro di classe e di materia nelle scuole Steiner-Waldorf, affronter\u00e0 il tema della conferenza con esempi pratici tratti dalla pratica d&#8217;insegnamento in vista del prossimo inizio di questo percorso educativo a Trieste. Il piano di studi Steiner-Waldorf segue con precisione l&#8217;evoluzione del bambino, attraverso scienze, arte e attivit\u00e0 pratiche. Nel corso della conferenza si presenteranno gli aspetti antropologici e<a class=\"more-link\" href=\"https:\/\/www.artemis-arte-pedagogia.it\/?p=1428\"><span>Continua a leggere&#8230;<\/span><\/a><!-- AddThis Advanced Settings generic via filter on get_the_excerpt --><!-- AddThis Share Buttons generic via filter on get_the_excerpt --><\/p>\n","protected":false},"author":1,"featured_media":1429,"comment_status":"closed","ping_status":"closed","sticky":false,"template":"","format":"standard","meta":{"ngg_post_thumbnail":0},"categories":[4],"tags":[],"_links":{"self":[{"href":"https:\/\/www.artemis-arte-pedagogia.it\/index.php?rest_route=\/wp\/v2\/posts\/1428"}],"collection":[{"href":"https:\/\/www.artemis-arte-pedagogia.it\/index.php?rest_route=\/wp\/v2\/posts"}],"about":[{"href":"https:\/\/www.artemis-arte-pedagogia.it\/index.php?rest_route=\/wp\/v2\/types\/post"}],"author":[{"embeddable":true,"href":"https:\/\/www.artemis-arte-pedagogia.it\/index.php?rest_route=\/wp\/v2\/users\/1"}],"replies":[{"embeddable":true,"href":"https:\/\/www.artemis-arte-pedagogia.it\/index.php?rest_route=%2Fwp%2Fv2%2Fcomments&post=1428"}],"version-history":[{"count":3,"href":"https:\/\/www.artemis-arte-pedagogia.it\/index.php?rest_route=\/wp\/v2\/posts\/1428\/revisions"}],"predecessor-version":[{"id":1432,"href":"https:\/\/www.artemis-arte-pedagogia.it\/index.php?rest_route=\/wp\/v2\/posts\/1428\/revisions\/1432"}],"wp:featuredmedia":[{"embeddable":true,"href":"https:\/\/www.artemis-arte-pedagogia.it\/index.php?rest_route=\/wp\/v2\/media\/1429"}],"wp:attachment":[{"href":"https:\/\/www.artemis-arte-pedagogia.it\/index.php?rest_route=%2Fwp%2Fv2%2Fmedia&parent=1428"}],"wp:term":[{"taxonomy":"category","embeddable":true,"href":"https:\/\/www.artemis-arte-pedagogia.it\/index.php?rest_route=%2Fwp%2Fv2%2Fcategories&post=1428"},{"taxonomy":"post_tag","embeddable":true,"href":"https:\/\/www.artemis-arte-pedagogia.it\/index.php?rest_route=%2Fwp%2Fv2%2Ftags&post=1428"}],"curies":[{"name":"wp","href":"https:\/\/api.w.org\/{rel}","templated":true}]}}