{"id":1435,"date":"2018-03-07T16:30:45","date_gmt":"2018-03-07T16:30:45","guid":{"rendered":"http:\/\/www.artemis-arte-pedagogia.it\/?p=1435"},"modified":"2018-05-01T14:06:22","modified_gmt":"2018-05-01T14:06:22","slug":"2803-conferenza-il-piano-di-studi-steiner-waldorf","status":"publish","type":"post","link":"https:\/\/www.artemis-arte-pedagogia.it\/?p=1435","title":{"rendered":"28\/03 Conferenza: il piano di studi Steiner-Waldorf"},"content":{"rendered":"<p><strong>28\/03 ore 18 CONFERENZA: IL PIANO DI STUDI STEINER-WALDORF<\/strong><\/p>\n<p><strong>Presso la libreria Ubik, Piazza della Borsa 15 (palazzo del Tergesteo), Trieste.<\/strong><\/p>\n<p><strong>PRESENTAZIONE DEL PERCORSO DIDATTICO-PEDAGOGICO DALLA 1^ ALL&#8217;8^ CLASSE<\/strong><\/p>\n<p><strong>Ingresso libero.<\/strong><\/p>\n<p><em>Relatore, Mauro Franzin &#8211; maestro di classe e di materia nelle scuole Steiner-Waldorf<\/em><\/p>\n<p>A settembre 2018 si avvier\u00e0 la prima classe a Trieste!<br \/>\nSono aperte le adesioni!<\/p>\n<p>Contattateci per un colloquio informativo.<br \/>\n<strong>tel 347 9398023 &#8211; artemis.arte.pedagogia@gmail.com<\/strong><\/p>\n<p>A cosa miriamo con questo consolidato ma sempre innovativo approccio educativo?<br \/>\n\u2022 Alla conquista delle necessarie cognizioni e allo sviluppo delle molteplici intelligenze del bambino.<br \/>\n\u2022 All\u2019educazione dei sentimenti attraverso l\u2019esperienza del bello.<br \/>\n\u2022 Alla conquista di competenze relazionali e capacit\u00e0 di cooperazione.<br \/>\n\u2022 Allo sviluppo dell&#8217;interesse ed entusiasmo verso le discipline e dell&#8217;iniziativa individuale.<br \/>\n\u2022 Alla scoperta dei talenti personali.<br \/>\n\u2022 Ad imparare ad imparare.<br \/>\n\u2022 Al benessere generale.<\/p>\n<p>Il relatore affronter\u00e0 il tema della conferenza con esempi pratici tratti dalla pratica d&#8217;insegnamento in vista del prossimo inizio di questo percorso educativo a Trieste.<br \/>\nIl piano di studi Steiner-Waldorf segue con precisione l&#8217;evoluzione del bambino, attraverso scienze, arte e attivit\u00e0 pratiche.<br \/>\nNel corso della conferenza si presenteranno gli aspetti antropologici e didattici che caratterizzano la pedagogia steineriana nel periodo dell&#8217;obbligo scolastico: osservazione dei punti di svolta evolutivi del bambino, momenti critici nelle diverse et\u00e0 e conseguenti opportunit\u00e0 di maturazione e sviluppo.<br \/>\nLe discipline didattiche rispondono concretamente a queste domande evolutive fornendo, oltre all&#8217;istruzione, durature basi per uno sviluppo armonico dell&#8217;individuo.<\/p>\n<p>Mauro Franzin \u00e8 maestro di classe e insegnante di materie entro il ciclo prima\/ottava nelle scuole Steiner-Waldorf e di matematica e fisica per ragazzi delle classi superiori. \u00c8 cofondatore ed amministratore dell\u2019associazione Artemis che promuove attivit\u00e0 culturali e gestisce percorsi pedagogici steineriani per bambini a Trieste.<\/p>\n<p>La pedagogia Steiner-Waldorf, in costante espansione in ogni continente, ha le sue radici nella concezione dell\u2019uomo e del mondo di Rudolf Steiner. Si fonda sulla continua ricerca scientifico-artistico-pratica dell\u2019insegnante e della compagine sociale che sostiene questa impresa culturale. Oggi pi\u00f9 che mai si sta rivelando un eccellente antidoto agli attacchi che pervengono alla libert\u00e0 dell&#8217;uomo e alla sua sfera emozionale nel periodo dell&#8217;infanzia e dell&#8217;adolescenza.<br \/>\nDalla prima scuola a Stoccarda nel 1919, ora troviamo oltre 2600 scuole Steiner-Waldorf nei 5 continenti. Una pedagogia che si dimostra davvero universale, capace di essere rielaborata e applicata con successo nel rispetto di qualsiasi contesto sociale e culturale.<br \/>\nSi osserva al giorno d&#8217;oggi povert\u00e0 pedagogica-educativa, anticipazione delle tappe evolutive del bambino, generale iperstimolazione sensoriale attraverso strumenti di realt\u00e0 virtuale e ipostimolazione con oggetti reali, precocizzazione intellettiva. I bambini di oggi si mostrano spesso stanchi, svogliati, parrebbero pigri. In realt\u00e0 non hanno sviluppato a sufficienza coordinazione, abilit\u00e0 motoria e forze di entusiasmo e volont\u00e0, accanto all\u2019amore per la conoscenza.<br \/>\nUn lavoro che sostenga la famiglia e che porti salute e benessere fisico ed emozionale si rende urgente e necessario oggi. I bambini e agazzi hanno bisogno di un ambiente che non solo fornisca un&#8217;istruzione, ma che anche formi, educhi, nel pieno senso del termine, ad affrontare le complessit\u00e0 e le sfide della vita interiore ed esteriore e i genitori stessi necessitano di acquisire strumenti concreti per il loro vivere quotidiano.<\/p>\n<p>Associazione Artemis<\/p>\n<!-- AddThis Advanced Settings generic via filter on the_content --><!-- AddThis Share Buttons generic via filter on the_content -->","protected":false},"excerpt":{"rendered":"<p>28\/03 ore 18 CONFERENZA: IL PIANO DI STUDI STEINER-WALDORF Presso la libreria Ubik, Piazza della Borsa 15 (palazzo del Tergesteo), Trieste. PRESENTAZIONE DEL PERCORSO DIDATTICO-PEDAGOGICO DALLA 1^ ALL&#8217;8^ CLASSE Ingresso libero. Relatore, Mauro Franzin &#8211; maestro di classe e di materia nelle scuole Steiner-Waldorf A settembre 2018 si avvier\u00e0 la prima classe a Trieste! Sono aperte le adesioni! Contattateci per un colloquio informativo. tel 347 9398023 &#8211; artemis.arte.pedagogia@gmail.com A cosa miriamo con questo consolidato ma sempre innovativo approccio educativo? \u2022<a class=\"more-link\" href=\"https:\/\/www.artemis-arte-pedagogia.it\/?p=1435\"><span>Continua a leggere&#8230;<\/span><\/a><!-- AddThis Advanced Settings generic via filter on get_the_excerpt --><!-- AddThis Share Buttons generic via filter on get_the_excerpt --><\/p>\n","protected":false},"author":1,"featured_media":1429,"comment_status":"closed","ping_status":"closed","sticky":false,"template":"","format":"standard","meta":{"ngg_post_thumbnail":0},"categories":[4],"tags":[],"_links":{"self":[{"href":"https:\/\/www.artemis-arte-pedagogia.it\/index.php?rest_route=\/wp\/v2\/posts\/1435"}],"collection":[{"href":"https:\/\/www.artemis-arte-pedagogia.it\/index.php?rest_route=\/wp\/v2\/posts"}],"about":[{"href":"https:\/\/www.artemis-arte-pedagogia.it\/index.php?rest_route=\/wp\/v2\/types\/post"}],"author":[{"embeddable":true,"href":"https:\/\/www.artemis-arte-pedagogia.it\/index.php?rest_route=\/wp\/v2\/users\/1"}],"replies":[{"embeddable":true,"href":"https:\/\/www.artemis-arte-pedagogia.it\/index.php?rest_route=%2Fwp%2Fv2%2Fcomments&post=1435"}],"version-history":[{"count":2,"href":"https:\/\/www.artemis-arte-pedagogia.it\/index.php?rest_route=\/wp\/v2\/posts\/1435\/revisions"}],"predecessor-version":[{"id":1437,"href":"https:\/\/www.artemis-arte-pedagogia.it\/index.php?rest_route=\/wp\/v2\/posts\/1435\/revisions\/1437"}],"wp:featuredmedia":[{"embeddable":true,"href":"https:\/\/www.artemis-arte-pedagogia.it\/index.php?rest_route=\/wp\/v2\/media\/1429"}],"wp:attachment":[{"href":"https:\/\/www.artemis-arte-pedagogia.it\/index.php?rest_route=%2Fwp%2Fv2%2Fmedia&parent=1435"}],"wp:term":[{"taxonomy":"category","embeddable":true,"href":"https:\/\/www.artemis-arte-pedagogia.it\/index.php?rest_route=%2Fwp%2Fv2%2Fcategories&post=1435"},{"taxonomy":"post_tag","embeddable":true,"href":"https:\/\/www.artemis-arte-pedagogia.it\/index.php?rest_route=%2Fwp%2Fv2%2Ftags&post=1435"}],"curies":[{"name":"wp","href":"https:\/\/api.w.org\/{rel}","templated":true}]}}