{"id":1541,"date":"2019-11-07T14:51:49","date_gmt":"2019-11-07T14:51:49","guid":{"rendered":"http:\/\/www.artemis-arte-pedagogia.it\/?p=1541"},"modified":"2019-12-15T14:54:20","modified_gmt":"2019-12-15T14:54:20","slug":"le-festivita-dellanno-con-i-bambini","status":"publish","type":"post","link":"https:\/\/www.artemis-arte-pedagogia.it\/?p=1541","title":{"rendered":"Le festivit\u00e0 dell&#8217;anno con i bambini"},"content":{"rendered":"<div class=\"g-group l-lg-mar-bot-6 l-md-mar-bot-4 \">\n<div class=\"g-cell g-cell-10-12 g-cell-md-1-1\">\n<div data-automation=\"listing-event-description\"><a href=\"https:\/\/www.eventbrite.it\/e\/biglietti-le-festivita-dellanno-con-i-bambini-79254912577\"><strong>Le festivit\u00e0 dell&#8217;anno con i bambini<\/strong><\/a>: spunti teorici e pratici per riappropriarsi del loro intimo significato e viverle serenamente e gioiosamente a casa con i bimbi.<\/div>\n<div data-automation=\"listing-event-description\">&nbsp;<\/div>\n<div data-automation=\"listing-event-description\"><strong>via Rossetti 61, ore 17:30<\/strong><\/div>\n<\/div>\n<\/div>\n<div class=\"g-group l-mar-bot-6 l-sm-mar-bot-4\">\n<div class=\"structured-content g-cell g-cell-10-12 g-cell-md-1-1\">\n<div class=\"has-user-generated-content\" data-automation=\"about-this-event-sc\">\n<div class=\"structured-content-rich-text structured-content__module l-align-left l-mar-vert-6 l-sm-mar-vert-4 text-body-medium\">\n<p>In questo incontro la maestra Luisella ci racconter\u00e0 come prepararsi alle festivit\u00e0 e ci dar\u00e0 degli spunti concreti che possiamo introdurre in famiglia.<\/p>\n<p><strong>Perch\u00e9 partecipare:&nbsp;<\/strong>per imparare a guardare le festivit\u00e0 con gli occhi di un bambino.<\/p>\n<p><strong>Cosa potrai trarre di pratico da questa conferenza:&nbsp;<\/strong>apprenderai a gestire il tempo a casa con il tuo bambino durante le feste con maggiore gioia e serenit\u00e0.<\/p>\n<p><strong>Ti aspettiamo<\/strong><\/p>\n<p><strong>Ingresso Libero!<\/strong><\/p>\n<\/div>\n<div class=\"structured-content-rich-text structured-content__module l-align-left l-mar-vert-6 l-sm-mar-vert-4 text-body-medium\">\n<aside><em>L\u2019associazione Artemis nasce con lo scopo di educare i bambini e ragazzi, attraverso arte e scienza, con amore, autenticit\u00e0 e competenza, coinvolgendo i genitori in un percorso di crescita, al fine di ottenere forza, salute e libert\u00e0 per s\u00e9 e un mondo migliore.<\/em><\/aside>\n<\/div>\n<\/div>\n<\/div>\n<\/div>\n<!-- AddThis Advanced Settings generic via filter on the_content --><!-- AddThis Share Buttons generic via filter on the_content -->","protected":false},"excerpt":{"rendered":"<p>Le festivit\u00e0 dell&#8217;anno con i bambini: spunti teorici e pratici per riappropriarsi del loro intimo significato e viverle serenamente e gioiosamente a casa con i bimbi. &nbsp; via Rossetti 61, ore 17:30 In questo incontro la maestra Luisella ci racconter\u00e0 come prepararsi alle festivit\u00e0 e ci dar\u00e0 degli spunti concreti che possiamo introdurre in famiglia. Perch\u00e9 partecipare:&nbsp;per imparare a guardare le festivit\u00e0 con gli occhi di un bambino. Cosa potrai trarre di pratico da questa conferenza:&nbsp;apprenderai a gestire il tempo<a class=\"more-link\" href=\"https:\/\/www.artemis-arte-pedagogia.it\/?p=1541\"><span>Continua a leggere&#8230;<\/span><\/a><!-- AddThis Advanced Settings generic via filter on get_the_excerpt --><!-- AddThis Share Buttons generic via filter on get_the_excerpt --><\/p>\n","protected":false},"author":1,"featured_media":345,"comment_status":"closed","ping_status":"closed","sticky":false,"template":"","format":"standard","meta":{"ngg_post_thumbnail":0},"categories":[4],"tags":[],"_links":{"self":[{"href":"https:\/\/www.artemis-arte-pedagogia.it\/index.php?rest_route=\/wp\/v2\/posts\/1541"}],"collection":[{"href":"https:\/\/www.artemis-arte-pedagogia.it\/index.php?rest_route=\/wp\/v2\/posts"}],"about":[{"href":"https:\/\/www.artemis-arte-pedagogia.it\/index.php?rest_route=\/wp\/v2\/types\/post"}],"author":[{"embeddable":true,"href":"https:\/\/www.artemis-arte-pedagogia.it\/index.php?rest_route=\/wp\/v2\/users\/1"}],"replies":[{"embeddable":true,"href":"https:\/\/www.artemis-arte-pedagogia.it\/index.php?rest_route=%2Fwp%2Fv2%2Fcomments&post=1541"}],"version-history":[{"count":5,"href":"https:\/\/www.artemis-arte-pedagogia.it\/index.php?rest_route=\/wp\/v2\/posts\/1541\/revisions"}],"predecessor-version":[{"id":1546,"href":"https:\/\/www.artemis-arte-pedagogia.it\/index.php?rest_route=\/wp\/v2\/posts\/1541\/revisions\/1546"}],"wp:featuredmedia":[{"embeddable":true,"href":"https:\/\/www.artemis-arte-pedagogia.it\/index.php?rest_route=\/wp\/v2\/media\/345"}],"wp:attachment":[{"href":"https:\/\/www.artemis-arte-pedagogia.it\/index.php?rest_route=%2Fwp%2Fv2%2Fmedia&parent=1541"}],"wp:term":[{"taxonomy":"category","embeddable":true,"href":"https:\/\/www.artemis-arte-pedagogia.it\/index.php?rest_route=%2Fwp%2Fv2%2Fcategories&post=1541"},{"taxonomy":"post_tag","embeddable":true,"href":"https:\/\/www.artemis-arte-pedagogia.it\/index.php?rest_route=%2Fwp%2Fv2%2Ftags&post=1541"}],"curies":[{"name":"wp","href":"https:\/\/api.w.org\/{rel}","templated":true}]}}