{"id":1562,"date":"2019-11-08T09:24:35","date_gmt":"2019-11-08T09:24:35","guid":{"rendered":"http:\/\/www.artemis-arte-pedagogia.it\/?p=1562"},"modified":"2019-12-15T14:53:57","modified_gmt":"2019-12-15T14:53:57","slug":"apprendere-rafforzando-linteriorita-lautostima-e-la-liberta","status":"publish","type":"post","link":"https:\/\/www.artemis-arte-pedagogia.it\/?p=1562","title":{"rendered":"Apprendere rafforzando l&#8217;interiorit\u00e0, l&#8217;autostima e la libert\u00e0"},"content":{"rendered":"<p data-key=\"15\"><strong>venerdi 22 novembre 2019 ore 20.00 &#8211; via Rossetti 61 (angolo via di Leo)<\/strong><\/p>\n<p data-key=\"15\">Come apprendere e al contempo rafforzare l&#8217;interiorit\u00e0, l&#8217;autostima e la libert\u00e0 nei nostri bambini.<\/p>\n<p data-key=\"15\"><span data-key=\"16\">I sensi e l&#8217;intelletto, la salute e l&#8217;insegnamento sono cos\u00ec distanti? Mostreremo come sia possibile e oggid\u00ec sempre pi\u00f9 necessario cambiare gli schemi educativi e dell&#8217;apprendimento per poter sostenere i compiti del presente e le sfide del futuro, coniugando apprendimento e salute, gioia, amore per ci\u00f2 che ci circonda.<\/span><\/p>\n<p><span data-key=\"18\"><strong data-slate-leaf=\"true\">Ingresso Libero! <\/strong><\/span><\/p>\n<aside data-key=\"19\" data-slate-fragment=\"JTdCJTIyb2JqZWN0JTIyJTNBJTIyZG9jdW1lbnQlMjIlMkMlMjJkYXRhJTIyJTNBJTdCJTdEJTJDJTIybm9kZXMlMjIlM0ElNUIlN0IlMjJvYmplY3QlMjIlM0ElMjJibG9jayUyMiUyQyUyMnR5cGUlMjIlM0ElMjJwYXJhZ3JhcGglMjIlMkMlMjJkYXRhJTIyJTNBJTdCJTIyY2xhc3NOYW1lJTIyJTNBbnVsbCU3RCUyQyUyMm5vZGVzJTIyJTNBJTVCJTdCJTIyb2JqZWN0JTIyJTNBJTIydGV4dCUyMiUyQyUyMmxlYXZlcyUyMiUzQSU1QiU3QiUyMm9iamVjdCUyMiUzQSUyMmxlYWYlMjIlMkMlMjJ0ZXh0JTIyJTNBJTIySSUyMHNlbnNpJTIwZSUyMGwnaW50ZWxsZXR0byUyQyUyMGxhJTIwc2FsdXRlJTIwZSUyMGwnaW5zZWduYW1lbnRvJTIwc29ubyUyMGNvcyVDMyVBQyUyMGRpc3RhbnRpJTNGJTIwTW9zdHJlcmVtbyUyMGNvbWUlMjBzaWElMjBwb3NzaWJpbGUlMjBlJTIwb2dnaWQlQzMlQUMlMjBzZW1wcmUlMjBwaSVDMyVCOSUyMG5lY2Vzc2FyaW8lMjBjYW1iaWFyZSUyMGdsaSUyMHNjaGVtaSUyMGVkdWNhdGl2aSUyMGUlMjBkZWxsJ2FwcHJlbmRpbWVudG8lMjBwZXIlMjBwb3RlciUyMHNvc3RlbmVyZSUyMGklMjBjb21waXRpJTIwZGVsJTIwcHJlc2VudGUlMjBlJTIwbGUlMjBzZmlkZSUyMGRlbCUyMGZ1dHVybyUyQyUyMGNvbml1Z2FuZG8lMjBhcHByZW5kaW1lbnRvJTIwZSUyMHNhbHV0ZSUyQyUyMGdpb2lhJTJDJTIwYW1vcmUlMjBwZXIlMjBjaSVDMyVCMiUyMGNoZSUyMGNpJTIwY2lyY29uZGEuJTIyJTJDJTIybWFya3MlMjIlM0ElNUIlNUQlN0QlNUQlN0QlNUQlN0QlMkMlN0IlMjJvYmplY3QlMjIlM0ElMjJibG9jayUyMiUyQyUyMnR5cGUlMjIlM0ElMjJwYXJhZ3JhcGglMjIlMkMlMjJkYXRhJTIyJTNBJTdCJTIyY2xhc3NOYW1lJTIyJTNBbnVsbCU3RCUyQyUyMm5vZGVzJTIyJTNBJTVCJTdCJTIyb2JqZWN0JTIyJTNBJTIydGV4dCUyMiUyQyUyMmxlYXZlcyUyMiUzQSU1QiU3QiUyMm9iamVjdCUyMiUzQSUyMmxlYWYlMjIlMkMlMjJ0ZXh0JTIyJTNBJTIySW5ncmVzc28lMjBMaWJlcm8hJTVDbiUyMiUyQyUyMm1hcmtzJTIyJTNBJTVCJTdCJTIyb2JqZWN0JTIyJTNBJTIybWFyayUyMiUyQyUyMnR5cGUlMjIlM0ElMjJib2xkJTIyJTJDJTIyZGF0YSUyMiUzQSU3QiU3RCU3RCU1RCU3RCU1RCU3RCU1RCU3RCUyQyU3QiUyMm9iamVjdCUyMiUzQSUyMmJsb2NrJTIyJTJDJTIydHlwZSUyMiUzQSUyMmNhcHRpb24lMjIlMkMlMjJkYXRhJTIyJTNBJTdCJTIyY2xhc3NOYW1lJTIyJTNBbnVsbCU3RCUyQyUyMm5vZGVzJTIyJTNBJTVCJTdCJTIyb2JqZWN0JTIyJTNBJTIydGV4dCUyMiUyQyUyMmxlYXZlcyUyMiUzQSU1QiU3QiUyMm9iamVjdCUyMiUzQSUyMmxlYWYlMjIlMkMlMjJ0ZXh0JTIyJTNBJTIyTCVFMiU4MCU5OWFzc29jaWF6aW9uZSUyMEFydGVtaXMlMjBuYXNjZSUyMGNvbiUyMGxvJTIwc2NvcG8lMjBkaSUyMGVkdWNhcmUlMjBpJTIwYmFtYmluaSUyMGUlMjByYWdhenppJTJDJTIwYXR0cmF2ZXJzbyUyMGFydGUlMjBlJTIwc2NpZW56YSUyQyUyMGNvbiUyMGFtb3JlJTJDJTIwYXV0ZW50aWNpdCVDMyVBMCUyMGUlMjBjb21wZXRlbnphJTJDJTIwY29pbnZvbGdlbmRvJTIwaSUyMGdlbml0b3JpJTIwaW4lMjB1biUyMHBlcmNvcnNvJTIwZGklMjBjcmVzY2l0YSUyQyUyMGFsJTIwZmluZSUyMGRpJTIwb3R0ZW5lcmUlMjBmb3J6YSUyQyUyMHNhbHV0ZSUyMGUlMjBsaWJlcnQlQzMlQTAlMjBwZXIlMjBzJUMzJUE5JTIwZSUyMHVuJTIwbW9uZG8lMjBtaWdsaW9yZS4lMjIlMkMlMjJtYXJrcyUyMiUzQSU1QiU3QiUyMm9iamVjdCUyMiUzQSUyMm1hcmslMjIlMkMlMjJ0eXBlJTIyJTNBJTIyaXRhbGljJTIyJTJDJTIyZGF0YSUyMiUzQSU3QiU3RCU3RCU1RCU3RCU1RCU3RCU1RCU3RCU1RCU3RA==\"><span data-key=\"20\"><em data-slate-leaf=\"true\">L\u2019associazione Artemis nasce con lo scopo di educare i bambini e ragazzi, attraverso arte e scienza, con amore, autenticit\u00e0 e competenza, coinvolgendo i genitori in un percorso di crescita, al fine di ottenere forza, salute e libert\u00e0 per s\u00e9 e un mondo migliore.<\/em><\/span><\/aside>\n<!-- AddThis Advanced Settings generic via filter on the_content --><!-- AddThis Share Buttons generic via filter on the_content -->","protected":false},"excerpt":{"rendered":"<p>venerdi 22 novembre 2019 ore 20.00 &#8211; via Rossetti 61 (angolo via di Leo) Come apprendere e al contempo rafforzare l&#8217;interiorit\u00e0, l&#8217;autostima e la libert\u00e0 nei nostri bambini. I sensi e l&#8217;intelletto, la salute e l&#8217;insegnamento sono cos\u00ec distanti? Mostreremo come sia possibile e oggid\u00ec sempre pi\u00f9 necessario cambiare gli schemi educativi e dell&#8217;apprendimento per poter sostenere i compiti del presente e le sfide del futuro, coniugando apprendimento e salute, gioia, amore per ci\u00f2 che ci circonda. Ingresso Libero! L\u2019associazione<a class=\"more-link\" href=\"https:\/\/www.artemis-arte-pedagogia.it\/?p=1562\"><span>Continua a leggere&#8230;<\/span><\/a><!-- AddThis Advanced Settings generic via filter on get_the_excerpt --><!-- AddThis Share Buttons generic via filter on get_the_excerpt --><\/p>\n","protected":false},"author":1,"featured_media":1564,"comment_status":"closed","ping_status":"closed","sticky":false,"template":"","format":"standard","meta":{"ngg_post_thumbnail":0},"categories":[4],"tags":[],"_links":{"self":[{"href":"https:\/\/www.artemis-arte-pedagogia.it\/index.php?rest_route=\/wp\/v2\/posts\/1562"}],"collection":[{"href":"https:\/\/www.artemis-arte-pedagogia.it\/index.php?rest_route=\/wp\/v2\/posts"}],"about":[{"href":"https:\/\/www.artemis-arte-pedagogia.it\/index.php?rest_route=\/wp\/v2\/types\/post"}],"author":[{"embeddable":true,"href":"https:\/\/www.artemis-arte-pedagogia.it\/index.php?rest_route=\/wp\/v2\/users\/1"}],"replies":[{"embeddable":true,"href":"https:\/\/www.artemis-arte-pedagogia.it\/index.php?rest_route=%2Fwp%2Fv2%2Fcomments&post=1562"}],"version-history":[{"count":1,"href":"https:\/\/www.artemis-arte-pedagogia.it\/index.php?rest_route=\/wp\/v2\/posts\/1562\/revisions"}],"predecessor-version":[{"id":1563,"href":"https:\/\/www.artemis-arte-pedagogia.it\/index.php?rest_route=\/wp\/v2\/posts\/1562\/revisions\/1563"}],"wp:featuredmedia":[{"embeddable":true,"href":"https:\/\/www.artemis-arte-pedagogia.it\/index.php?rest_route=\/wp\/v2\/media\/1564"}],"wp:attachment":[{"href":"https:\/\/www.artemis-arte-pedagogia.it\/index.php?rest_route=%2Fwp%2Fv2%2Fmedia&parent=1562"}],"wp:term":[{"taxonomy":"category","embeddable":true,"href":"https:\/\/www.artemis-arte-pedagogia.it\/index.php?rest_route=%2Fwp%2Fv2%2Fcategories&post=1562"},{"taxonomy":"post_tag","embeddable":true,"href":"https:\/\/www.artemis-arte-pedagogia.it\/index.php?rest_route=%2Fwp%2Fv2%2Ftags&post=1562"}],"curies":[{"name":"wp","href":"https:\/\/api.w.org\/{rel}","templated":true}]}}