{"id":1576,"date":"2019-12-15T14:59:02","date_gmt":"2019-12-15T14:59:02","guid":{"rendered":"http:\/\/www.artemis-arte-pedagogia.it\/?p=1576"},"modified":"2021-01-07T18:31:30","modified_gmt":"2021-01-07T18:31:30","slug":"1001-1800-presentazione-del-percorso-scolastico-steiner-waldorf-a-trieste","status":"publish","type":"post","link":"https:\/\/www.artemis-arte-pedagogia.it\/?p=1576","title":{"rendered":"10\/01 &#8211; 18:00: Presentazione del percorso scolastico Steiner-Waldorf a Trieste"},"content":{"rendered":"<blockquote><p>Ven 10 gennaio ore 18.00 &#8211; sede di via Rossetti 61.<\/p><\/blockquote>\n<p><em>Affronteremo alcuni tipi di lezione secondo la pedagogia steineriana, dalle classi elementari alle medie, gettando un ponte alle superiori.<\/em><br \/>\n<em>La presentazione \u00e8 rivolta esclusivamente agli adulti.<\/em><\/p>\n<p>Perch\u00e9 scegliere il percorso scolastico Steiner-Waldorf dell&#8217;Associazione Artemis?<\/p>\n<div class=\"text_exposed_show\">\n<p>&#8211; Per provare serenit\u00e0, gioia ed entusiamo nell&#8217;apprendere.<span class=\"_5mfr\"><span class=\"_6qdm\">\u2b50\ufe0f<\/span><\/span><\/p>\n<p>&#8211; Perch\u00e9 andare a scuola ed imparare pu\u00f2 e DEVE essere un piacere.&nbsp;<span class=\"_5mfr\"><span class=\"_6qdm\">\ud83e\udd29<\/span><\/span><\/p>\n<p>&#8211; Perch\u00e9 oltre agli apprendimenti cognitivi, coltiviamo massimamente lo sviluppo emozionale e sociale dei bambini, i loro talenti individuali e le loro peculiari capacit\u00e0 espressive<span class=\"_5mfr\"><span class=\"_6qdm\">\ud83c\udf08<\/span><\/span><\/p>\n<p>&#8211; Perch\u00e9 la didattica \u00e8 intrisa di arte (musica, pittura, modellaggio, pittura, artigianato, movimento&#8230;) e socialit\u00e0, fornendo cos\u00ec un insegnamento e una sperimentazione completa e formativa per la vita intera. Non bastano nozioni astratte per sperimentarsi, auto-conoscersi e prepararsi alla complessit\u00e0 della futura vita adulta!&nbsp;<span class=\"_5mfr\"><span class=\"_6qdm\">\ud83d\ude15<\/span><\/span><\/p>\n<p>&#8211; Perch\u00e9 il percorso scolastico, insieme alla vita familiare, rappresenta il pilastro su cui si costruisce la nostra salute fisica e la mappa valoriale ed emozionale che condizioneranno le scelte e direzioni future.<\/p>\n<p>&#8211; Per educare i nostri bambini alla LIBERTA&#8217; all&#8217;autonomia di pensiero; per renderli sicuri e consapevoli di s\u00e8, forniti di strumenti interiori REALI per affrontare le sfide future e trovare la loro strada&nbsp;<span class=\"_5mfr\"><span class=\"_6qdm\">\u2600\ufe0f<\/span><\/span><\/p>\n<p>Se tali insegnamenti non vengono sperimentati con le corrette modalit\u00e0 e forme nell&#8217;infanzia e nella fanciullezza, mettiamo una seria ipoteca sulla salute fisica, sulla gioia, sulla fioritura dei talenti e delle competenze interiori ed esteriori dei nostri bambini, compromettendo la loro capacit\u00e0 intutiva, il loro giudizio libero da condizionamenti, lo sviluppo della loro creativit\u00e0, quindi.. la loro LIBERTA&#8217;.<\/p>\n<p>Ven 10 gennaio ore 18.00 &#8211; Via Rossetti 61.<span class=\"_5mfr\"><span class=\"_6qdm\">\u2b50\ufe0f<\/span><\/span><span class=\"_5mfr\"><span class=\"_6qdm\">\ud83e\udd29<\/span><\/span><span class=\"_5mfr\"><span class=\"_6qdm\">\u2b50\ufe0f<\/span><\/span><br \/>\ningresso libero<br \/>\ntel 347 9398023<\/p>\n<\/div>\n<!-- AddThis Advanced Settings generic via filter on the_content --><!-- AddThis Share Buttons generic via filter on the_content -->","protected":false},"excerpt":{"rendered":"<p>Ven 10 gennaio ore 18.00 &#8211; sede di via Rossetti 61. Affronteremo alcuni tipi di lezione secondo la pedagogia steineriana, dalle classi elementari alle medie, gettando un ponte alle superiori. La presentazione \u00e8 rivolta esclusivamente agli adulti. Perch\u00e9 scegliere il percorso scolastico Steiner-Waldorf dell&#8217;Associazione Artemis? &#8211; Per provare serenit\u00e0, gioia ed entusiamo nell&#8217;apprendere.\u2b50\ufe0f &#8211; Perch\u00e9 andare a scuola ed imparare pu\u00f2 e DEVE essere un piacere.&nbsp;\ud83e\udd29 &#8211; Perch\u00e9 oltre agli apprendimenti cognitivi, coltiviamo massimamente lo sviluppo emozionale e sociale dei<a class=\"more-link\" href=\"https:\/\/www.artemis-arte-pedagogia.it\/?p=1576\"><span>Continua a leggere&#8230;<\/span><\/a><!-- AddThis Advanced Settings generic via filter on get_the_excerpt --><!-- AddThis Share Buttons generic via filter on get_the_excerpt --><\/p>\n","protected":false},"author":1,"featured_media":1578,"comment_status":"closed","ping_status":"closed","sticky":false,"template":"","format":"standard","meta":{"ngg_post_thumbnail":0},"categories":[1],"tags":[],"_links":{"self":[{"href":"https:\/\/www.artemis-arte-pedagogia.it\/index.php?rest_route=\/wp\/v2\/posts\/1576"}],"collection":[{"href":"https:\/\/www.artemis-arte-pedagogia.it\/index.php?rest_route=\/wp\/v2\/posts"}],"about":[{"href":"https:\/\/www.artemis-arte-pedagogia.it\/index.php?rest_route=\/wp\/v2\/types\/post"}],"author":[{"embeddable":true,"href":"https:\/\/www.artemis-arte-pedagogia.it\/index.php?rest_route=\/wp\/v2\/users\/1"}],"replies":[{"embeddable":true,"href":"https:\/\/www.artemis-arte-pedagogia.it\/index.php?rest_route=%2Fwp%2Fv2%2Fcomments&post=1576"}],"version-history":[{"count":3,"href":"https:\/\/www.artemis-arte-pedagogia.it\/index.php?rest_route=\/wp\/v2\/posts\/1576\/revisions"}],"predecessor-version":[{"id":1634,"href":"https:\/\/www.artemis-arte-pedagogia.it\/index.php?rest_route=\/wp\/v2\/posts\/1576\/revisions\/1634"}],"wp:featuredmedia":[{"embeddable":true,"href":"https:\/\/www.artemis-arte-pedagogia.it\/index.php?rest_route=\/wp\/v2\/media\/1578"}],"wp:attachment":[{"href":"https:\/\/www.artemis-arte-pedagogia.it\/index.php?rest_route=%2Fwp%2Fv2%2Fmedia&parent=1576"}],"wp:term":[{"taxonomy":"category","embeddable":true,"href":"https:\/\/www.artemis-arte-pedagogia.it\/index.php?rest_route=%2Fwp%2Fv2%2Fcategories&post=1576"},{"taxonomy":"post_tag","embeddable":true,"href":"https:\/\/www.artemis-arte-pedagogia.it\/index.php?rest_route=%2Fwp%2Fv2%2Ftags&post=1576"}],"curies":[{"name":"wp","href":"https:\/\/api.w.org\/{rel}","templated":true}]}}