{"id":1666,"date":"2022-04-07T13:58:32","date_gmt":"2022-04-07T13:58:32","guid":{"rendered":"http:\/\/www.artemis-arte-pedagogia.it\/?p=1666"},"modified":"2022-04-07T13:58:32","modified_gmt":"2022-04-07T13:58:32","slug":"avviso-di-convocazione-assemblea-soci-ordinaria-4","status":"publish","type":"post","link":"https:\/\/www.artemis-arte-pedagogia.it\/?p=1666","title":{"rendered":"Avviso di convocazione assemblea soci ordinaria"},"content":{"rendered":"<div>\n<p>&nbsp;<\/p>\n<p class=\"yiv1473365979MsoNormal\">I soci dell\u2019associazione di promozione sociale Artemis sono convocati per l\u2019Assemblea ordinaria che si terr\u00e0 via Zoom in prima convocazione gioved\u00ec 21 aprile 2021 alle ore 7.00 a.m. (verr\u00e0 inviato link per il collegamento via e-mail).<\/p>\n<p>Ci si potr\u00e0 collegare al link 10 minuti prima dell\u2019orario definito per iniziare in orario.<\/p>\n<p>L\u2019assemblea in prima convocazione sar\u00e0 validamente costituita, a norma di statuto, con la presenza di almeno il 50% pi\u00f9 uno dei soci.<\/p>\n<p>Nel caso il numero legale non venisse raggiunto,<\/p>\n<p class=\"yiv1473365979MsoNormal\" align=\"center\"><b><span style=\"font-size: large;\">\ud83d\udc49<\/span>&nbsp; l\u2019assemblea si intende convocata in&nbsp;<\/b><b>seconda convocazione, per le ore 21.00 di venerd\u00ec&nbsp;<\/b><b>22 aprile 2021<\/b><\/p>\n<p class=\"yiv1473365979MsoNormal\">sempre via Zoom (verr\u00e0 inviato link per il collegamento via e-mail)&nbsp;ci si potr\u00e0 collegare al link 10 minuti prima dell\u2019orario definito per iniziare in orario.<\/p>\n<p class=\"yiv1473365979MsoNormal\">Ordine del giorno:<\/p>\n<p class=\"yiv1473365979MsoNormal\">&#8211; relazione sull\u2019anno sociale 2021<br \/>\n&#8211; presentazione e approvazione del bilancio consuntivo 2021<br \/>\n&#8211; presentazione e approvazione del bilancio preventivo 2022<br \/>\n&#8211; associazione di Artemis alla Federazione delle Scuole Steiner-Waldorf Italia<\/p>\n<\/div>\n<div>&nbsp;<\/div>\n<div>Il Consiglio Direttivo<\/div>\n<div>&nbsp;<\/div>\n<!-- AddThis Advanced Settings generic via filter on the_content --><!-- AddThis Share Buttons generic via filter on the_content -->","protected":false},"excerpt":{"rendered":"<p>&nbsp; I soci dell\u2019associazione di promozione sociale Artemis sono convocati per l\u2019Assemblea ordinaria che si terr\u00e0 via Zoom in prima convocazione gioved\u00ec 21 aprile 2021 alle ore 7.00 a.m. (verr\u00e0 inviato link per il collegamento via e-mail). Ci si potr\u00e0 collegare al link 10 minuti prima dell\u2019orario definito per iniziare in orario. L\u2019assemblea in prima convocazione sar\u00e0 validamente costituita, a norma di statuto, con la presenza di almeno il 50% pi\u00f9 uno dei soci. Nel caso il numero legale non<a class=\"more-link\" href=\"https:\/\/www.artemis-arte-pedagogia.it\/?p=1666\"><span>Continua a leggere&#8230;<\/span><\/a><!-- AddThis Advanced Settings generic via filter on get_the_excerpt --><!-- AddThis Share Buttons generic via filter on get_the_excerpt --><\/p>\n","protected":false},"author":1,"featured_media":0,"comment_status":"closed","ping_status":"closed","sticky":false,"template":"","format":"standard","meta":{"ngg_post_thumbnail":0},"categories":[4],"tags":[],"_links":{"self":[{"href":"https:\/\/www.artemis-arte-pedagogia.it\/index.php?rest_route=\/wp\/v2\/posts\/1666"}],"collection":[{"href":"https:\/\/www.artemis-arte-pedagogia.it\/index.php?rest_route=\/wp\/v2\/posts"}],"about":[{"href":"https:\/\/www.artemis-arte-pedagogia.it\/index.php?rest_route=\/wp\/v2\/types\/post"}],"author":[{"embeddable":true,"href":"https:\/\/www.artemis-arte-pedagogia.it\/index.php?rest_route=\/wp\/v2\/users\/1"}],"replies":[{"embeddable":true,"href":"https:\/\/www.artemis-arte-pedagogia.it\/index.php?rest_route=%2Fwp%2Fv2%2Fcomments&post=1666"}],"version-history":[{"count":4,"href":"https:\/\/www.artemis-arte-pedagogia.it\/index.php?rest_route=\/wp\/v2\/posts\/1666\/revisions"}],"predecessor-version":[{"id":1670,"href":"https:\/\/www.artemis-arte-pedagogia.it\/index.php?rest_route=\/wp\/v2\/posts\/1666\/revisions\/1670"}],"wp:attachment":[{"href":"https:\/\/www.artemis-arte-pedagogia.it\/index.php?rest_route=%2Fwp%2Fv2%2Fmedia&parent=1666"}],"wp:term":[{"taxonomy":"category","embeddable":true,"href":"https:\/\/www.artemis-arte-pedagogia.it\/index.php?rest_route=%2Fwp%2Fv2%2Fcategories&post=1666"},{"taxonomy":"post_tag","embeddable":true,"href":"https:\/\/www.artemis-arte-pedagogia.it\/index.php?rest_route=%2Fwp%2Fv2%2Ftags&post=1666"}],"curies":[{"name":"wp","href":"https:\/\/api.w.org\/{rel}","templated":true}]}}