{"id":1689,"date":"2022-11-03T20:32:09","date_gmt":"2022-11-03T20:32:09","guid":{"rendered":"http:\/\/www.artemis-arte-pedagogia.it\/?p=1689"},"modified":"2022-11-25T10:53:31","modified_gmt":"2022-11-25T10:53:31","slug":"18112022-dalle-1700-alle-1900-presentazione-del-percorso-scolastico-steiner-waldorf-a-trieste-%e2%9c%8d%ef%b8%8f","status":"publish","type":"post","link":"https:\/\/www.artemis-arte-pedagogia.it\/?p=1689","title":{"rendered":"18\/11\/2022 \u2013 dalle 17:00 alle 19:00: Presentazione del percorso scolastico Steiner-Waldorf \u270d\ufe0f"},"content":{"rendered":"<p>Venerd\u00ec 18 novembre dalle 17 alle 19 \u270d\ufe0f<br \/>\nCONFERENZA: IL PIANO DI STUDI STEINER-WALDORF<br \/>\nPresentazione del percorso scolastico dalla I all&#8217;VIII classe \ud83c\udf31<\/p>\n<p>Vi aspettiamo in via dei Leo 8, 1\u00b0 piano, per mostrarvi i nostri spazi e scoprire insieme al maestro Mauro Franzin il percorso scolastico secondo la pedagogia Steiner-Waldorf.<br \/>\nIn questo percorso, accanto agli apprendimenti cognitivi, si coltivano lo sviluppo emozionale e sociale del bambino attraverso una didattica intessuta di arte (musica, pittura, modellaggio, pittura, artigianato, movimento\u2026) e socialit\u00e0. L&#8217;approccio Steiner-Waldorf favorisce la capacit\u00e0 di attenzione, l&#8217;autonomia di pensiero e la creativit\u00e0 del bambino accompagnandolo nelle sue tappe evolutive per donargli gli strumenti che gli consentiranno di affrontare le sfide future e trovare la sua strada nella vita \ud83c\udf1e<\/p>\n<p>L&#8217;ingresso \u00e8 libero e l&#8217;incontro \u00e8 riservato ai soli adulti. \ud83d\ude42<br \/>\nGradito l&#8217;avviso di partecipazione via messaggio al numero di cellulare 340 7897138<br \/>\nInfo: www.artemis-arte-pedagogia.it<br \/>\nemail: artemis.arte.pedagogia@gmail.com<\/p>\n<!-- AddThis Advanced Settings generic via filter on the_content --><!-- AddThis Share Buttons generic via filter on the_content -->","protected":false},"excerpt":{"rendered":"<p>Venerd\u00ec 18 novembre dalle 17 alle 19 \u270d\ufe0f CONFERENZA: IL PIANO DI STUDI STEINER-WALDORF Presentazione del percorso scolastico dalla I all&#8217;VIII classe \ud83c\udf31 Vi aspettiamo in via dei Leo 8, 1\u00b0 piano, per mostrarvi i nostri spazi e scoprire insieme al maestro Mauro Franzin il percorso scolastico secondo la pedagogia Steiner-Waldorf. In questo percorso, accanto agli apprendimenti cognitivi, si coltivano lo sviluppo emozionale e sociale del bambino attraverso una didattica intessuta di arte (musica, pittura, modellaggio, pittura, artigianato, movimento\u2026) e<a class=\"more-link\" href=\"https:\/\/www.artemis-arte-pedagogia.it\/?p=1689\"><span>Continua a leggere&#8230;<\/span><\/a><!-- AddThis Advanced Settings generic via filter on get_the_excerpt --><!-- AddThis Share Buttons generic via filter on get_the_excerpt --><\/p>\n","protected":false},"author":1,"featured_media":0,"comment_status":"closed","ping_status":"closed","sticky":false,"template":"","format":"standard","meta":{"ngg_post_thumbnail":0},"categories":[1],"tags":[],"_links":{"self":[{"href":"https:\/\/www.artemis-arte-pedagogia.it\/index.php?rest_route=\/wp\/v2\/posts\/1689"}],"collection":[{"href":"https:\/\/www.artemis-arte-pedagogia.it\/index.php?rest_route=\/wp\/v2\/posts"}],"about":[{"href":"https:\/\/www.artemis-arte-pedagogia.it\/index.php?rest_route=\/wp\/v2\/types\/post"}],"author":[{"embeddable":true,"href":"https:\/\/www.artemis-arte-pedagogia.it\/index.php?rest_route=\/wp\/v2\/users\/1"}],"replies":[{"embeddable":true,"href":"https:\/\/www.artemis-arte-pedagogia.it\/index.php?rest_route=%2Fwp%2Fv2%2Fcomments&post=1689"}],"version-history":[{"count":3,"href":"https:\/\/www.artemis-arte-pedagogia.it\/index.php?rest_route=\/wp\/v2\/posts\/1689\/revisions"}],"predecessor-version":[{"id":1702,"href":"https:\/\/www.artemis-arte-pedagogia.it\/index.php?rest_route=\/wp\/v2\/posts\/1689\/revisions\/1702"}],"wp:attachment":[{"href":"https:\/\/www.artemis-arte-pedagogia.it\/index.php?rest_route=%2Fwp%2Fv2%2Fmedia&parent=1689"}],"wp:term":[{"taxonomy":"category","embeddable":true,"href":"https:\/\/www.artemis-arte-pedagogia.it\/index.php?rest_route=%2Fwp%2Fv2%2Fcategories&post=1689"},{"taxonomy":"post_tag","embeddable":true,"href":"https:\/\/www.artemis-arte-pedagogia.it\/index.php?rest_route=%2Fwp%2Fv2%2Ftags&post=1689"}],"curies":[{"name":"wp","href":"https:\/\/api.w.org\/{rel}","templated":true}]}}