{"id":1706,"date":"2023-01-05T14:56:16","date_gmt":"2023-01-05T14:56:16","guid":{"rendered":"https:\/\/www.artemis-arte-pedagogia.it\/?p=1706"},"modified":"2023-01-26T08:11:55","modified_gmt":"2023-01-26T08:11:55","slug":"open-day-percorso-per-scuole-primarie-e-secondarie-di-primo-grado-a-trieste-presentazione-del-piano-di-studi-steiner-waldorf-e-approfondimento-con-dimostrazioni-pratiche","status":"publish","type":"post","link":"https:\/\/www.artemis-arte-pedagogia.it\/?p=1706","title":{"rendered":"13 e 14 gennaio 2023 \u2013 OPEN DAY, percorso per scuole primarie e secondarie di primo grado a Trieste: presentazione del piano di studi Steiner-Waldorf e approfondimento con dimostrazioni pratiche\u270d\ufe0f"},"content":{"rendered":"\n<figure class=\"wp-block-image size-full\"><a href=\"https:\/\/www.artemis-arte-pedagogia.it\/wp-content\/uploads\/2023\/01\/WhatsApp-Image-2022-02-17-at-09.44.25d.jpeg\"><img decoding=\"async\" loading=\"lazy\" width=\"592\" height=\"721\" src=\"https:\/\/www.artemis-arte-pedagogia.it\/wp-content\/uploads\/2023\/01\/WhatsApp-Image-2022-02-17-at-09.44.25d.jpeg\" alt=\"\" class=\"wp-image-1707\" srcset=\"https:\/\/www.artemis-arte-pedagogia.it\/wp-content\/uploads\/2023\/01\/WhatsApp-Image-2022-02-17-at-09.44.25d.jpeg 592w, https:\/\/www.artemis-arte-pedagogia.it\/wp-content\/uploads\/2023\/01\/WhatsApp-Image-2022-02-17-at-09.44.25d-246x300.jpeg 246w\" sizes=\"(max-width: 592px) 100vw, 592px\" \/><\/a><\/figure>\n\n\n\n<p>In questi giorni di open day per chi \u00e8 alle prese con la scelta della scuola primaria e secondaria di primo grado a Trieste, vi proponiamo due presentazioni per scoprire il piano di studi offerto dalla nostra realt\u00e0 Steiner-Waldorf.<\/p>\n\n\n\n<p><strong>VENERD\u00cc 13 GENNAIO ore 17:30<\/strong>: presentazione del <strong>piano di studi dalla prima alla quinta classe<\/strong> (corrispondenti alla scuola elementare o scuola primaria) <strong>con accenni alle medie<\/strong>.<\/p>\n\n\n\n<p><strong>SABATO 14 GENNAIO ore 17:30<\/strong>: <strong>approfondimento con dimostrazioni pratiche<\/strong> imperniato sulle classi medie (prima, seconda e terza media).<\/p>\n\n\n\n<p>La pedagogia e la didattica basate sugli principi antroposofici e antropologici di Rudolf Steiner e sviluppate nelle scuole steineriane dal 1919 ad oggi, consentono uno sviluppo armonico del bambino e del ragazzo favorendone creativit\u00e0, autonomia di pensiero e salute fisica ed emozionale. Nelle scuole Steiner-Waldorf il maestro di classe segue l&#8217;alunno per tutto il percorso dalla prima all&#8217;ottava classe. <img decoding=\"async\" loading=\"lazy\" height=\"16\" width=\"16\" src=\"https:\/\/static.xx.fbcdn.net\/images\/emoji.php\/v9\/t7b\/1.5\/16\/2728.png\" alt=\"\u2728\"><\/p>\n\n\n\n<p>Venerd\u00ec il maestro Mauro Franzin descriver\u00e0 i contenuti e le modalit\u00e0 didattico-pedagogiche del programma di studi del nostro ciclo unico dalla prima all&#8217;ottava classe, mentre sabato eseguir\u00e0 dimostrazioni pratiche imperniate sulle classi medie dando una panoramica dello svolgimento di una lezione tipo in classe.<\/p>\n\n\n\n<p>L&#8217;ingresso \u00e8 libero e l&#8217;incontro \u00e8 riservato ai soli adulti. Vi aspettiamo in via dei Leo 8, 1\u00b0 piano! <img decoding=\"async\" loading=\"lazy\" height=\"16\" width=\"16\" alt=\"\ud83d\ude42\" src=\"https:\/\/static.xx.fbcdn.net\/images\/emoji.php\/v9\/ta5\/1.5\/16\/1f642.png\"><\/p>\n\n\n\n<p>Gradito l&#8217;avviso di partecipazione via messaggio al numero di cellulare 340 7897138<\/p>\n\n\n\n<p>Info: <a href=\"http:\/\/www.artemis-arte-pedagogia.it\" target=\"_blank\" rel=\"noreferrer noopener\">www.artemis-arte-pedagogia.it<\/a><\/p>\n\n\n\n<p>email: artemis.arte.pedagogia@gmail.com<\/p>\n\n\n\n<p>L&#8217;associazione Artemis \u00e8 ente aggregato della Federazione delle scuole Steiner-Waldorf in Italia.<img decoding=\"async\" loading=\"lazy\" height=\"16\" width=\"16\" alt=\"\u2b50\ufe0f\" src=\"https:\/\/static.xx.fbcdn.net\/images\/emoji.php\/v9\/t3b\/1.5\/16\/2b50.png\"><\/p>\n<!-- AddThis Advanced Settings generic via filter on the_content --><!-- AddThis Share Buttons generic via filter on the_content -->","protected":false},"excerpt":{"rendered":"<p>In questi giorni di open day per chi \u00e8 alle prese con la scelta della scuola primaria e secondaria di primo grado a Trieste, vi proponiamo due presentazioni per scoprire il piano di studi offerto dalla nostra realt\u00e0 Steiner-Waldorf. VENERD\u00cc 13 GENNAIO ore 17:30: presentazione del piano di studi dalla prima alla quinta classe (corrispondenti alla scuola elementare o scuola primaria) con accenni alle medie. SABATO 14 GENNAIO ore 17:30: approfondimento con dimostrazioni pratiche imperniato sulle classi medie (prima, seconda<a class=\"more-link\" href=\"https:\/\/www.artemis-arte-pedagogia.it\/?p=1706\"><span>Continua a leggere&#8230;<\/span><\/a><!-- AddThis Advanced Settings generic via filter on get_the_excerpt --><!-- AddThis Share Buttons generic via filter on get_the_excerpt --><\/p>\n","protected":false},"author":1,"featured_media":0,"comment_status":"closed","ping_status":"closed","sticky":false,"template":"","format":"standard","meta":{"ngg_post_thumbnail":0},"categories":[1],"tags":[],"_links":{"self":[{"href":"https:\/\/www.artemis-arte-pedagogia.it\/index.php?rest_route=\/wp\/v2\/posts\/1706"}],"collection":[{"href":"https:\/\/www.artemis-arte-pedagogia.it\/index.php?rest_route=\/wp\/v2\/posts"}],"about":[{"href":"https:\/\/www.artemis-arte-pedagogia.it\/index.php?rest_route=\/wp\/v2\/types\/post"}],"author":[{"embeddable":true,"href":"https:\/\/www.artemis-arte-pedagogia.it\/index.php?rest_route=\/wp\/v2\/users\/1"}],"replies":[{"embeddable":true,"href":"https:\/\/www.artemis-arte-pedagogia.it\/index.php?rest_route=%2Fwp%2Fv2%2Fcomments&post=1706"}],"version-history":[{"count":10,"href":"https:\/\/www.artemis-arte-pedagogia.it\/index.php?rest_route=\/wp\/v2\/posts\/1706\/revisions"}],"predecessor-version":[{"id":1725,"href":"https:\/\/www.artemis-arte-pedagogia.it\/index.php?rest_route=\/wp\/v2\/posts\/1706\/revisions\/1725"}],"wp:attachment":[{"href":"https:\/\/www.artemis-arte-pedagogia.it\/index.php?rest_route=%2Fwp%2Fv2%2Fmedia&parent=1706"}],"wp:term":[{"taxonomy":"category","embeddable":true,"href":"https:\/\/www.artemis-arte-pedagogia.it\/index.php?rest_route=%2Fwp%2Fv2%2Fcategories&post=1706"},{"taxonomy":"post_tag","embeddable":true,"href":"https:\/\/www.artemis-arte-pedagogia.it\/index.php?rest_route=%2Fwp%2Fv2%2Ftags&post=1706"}],"curies":[{"name":"wp","href":"https:\/\/api.w.org\/{rel}","templated":true}]}}