{"id":1718,"date":"2023-01-26T08:12:20","date_gmt":"2023-01-26T08:12:20","guid":{"rendered":"https:\/\/www.artemis-arte-pedagogia.it\/?p=1718"},"modified":"2023-01-26T08:12:21","modified_gmt":"2023-01-26T08:12:21","slug":"sabato-4-febbraio-2023-ore-1730-tecnologie-digitali-come-educare-e-crescere-nellera-digitale-una-sfida-per-educatori-genitori-e-figli-%e2%9c%8d%ef%b8%8f","status":"publish","type":"post","link":"https:\/\/www.artemis-arte-pedagogia.it\/?p=1718","title":{"rendered":"Sabato 4 febbraio 2023 ore 17:30 \u2013 Tecnologie digitali: come educare e crescere nell&#8217;era digitale? Una sfida per educatori, genitori e figli \u270d\ufe0f"},"content":{"rendered":"\n<p><\/p>\n\n\n\n<p><strong>Tecnologie digitali:<br>Come educare e crescere nell&#8217;era digitale? Una sfida per educatori, genitori e figli<\/strong><br>&nbsp;<\/p>\n\n\n\n<p><em>Sabato 4 febbraio, ore 17:30, sede di via Rossetti 61\/b<\/em><\/p>\n\n\n\n<p>La pervasivit\u00e0 della tecnica nel mondo odierno ha radicalmente modificato la qualit\u00e0 e le abitudini della nostra vita quotidiana. Studiare, lavorare, socializzare, giocare, amare, divertirsi sono attivit\u00e0 profondamente compenetrate dalle tecnologie digitali e la distinzione tra la vita reale e vita virtuale \u00e8 sempre pi\u00f9 labile e il lato oscuro del web (pornografia, violenza, cyberbullismo) va conosciuto ed affrontato con decisione. Comprendere la natura dell\u2019uomo, le modalit\u00e0 e i rischi nella gestione delle tecnologie nella nostra vita \u00e8 una necessit\u00e0 alla quale non possiamo sottrarci. Insieme cercheremo di comprendere le sfide che il mondo della tecnica ci pone oggi, il loro significato per la vita dei nostri bambini e le strategie necessarie per rimanere uomini nel senso compiuto del termine<img decoding=\"async\" alt=\"\ud83d\udcab\" src=\"https:\/\/fonts.gstatic.com\/s\/e\/notoemoji\/15.0\/1f4ab\/32.png\"><br><br>L&#8217;ingresso \u00e8 libero e l&#8217;incontro \u00e8 riservato ai soli adulti&nbsp;<img decoding=\"async\" alt=\"\ud83d\ude0a\" src=\"https:\/\/fonts.gstatic.com\/s\/e\/notoemoji\/15.0\/1f60a\/32.png\"><br><br><strong>A cura di Giorgio Capellani<\/strong><br>Ingegnere, si \u00e8 laureato al Politecnico di Milano nel 1985. Ha collaborato con aziende multinazionali nel campo delle tecnologie informatiche ricoprendo ruoli professionali e manageriali in contesto nazionale e&nbsp;internazionale. Attualmente insegna materie scientifiche e collabora con i seminari di formazione per insegnanti Waldorf di Milano, Manduria ed Oriago. Svolge attivit\u00e0 di conferenziere in ambito storico, tecnologico ed antroposofico.&nbsp;\u00c8 autore del libro &#8220;Crescere nell&#8217;era digitale&#8221;.<br><br>Info:&nbsp;<a href=\"https:\/\/artemis-arte-pedagogia.us12.list-manage.com\/track\/click?u=90abcc09de05002895578f24f&amp;id=00c045319a&amp;e=bd45a6223c\" target=\"_blank\" rel=\"noreferrer noopener\">www.artemis-arte-pedagogia.it<\/a><br>email:&nbsp;<a href=\"mailto:artemis.arte.pedagogia@gmail.com\" target=\"_blank\" rel=\"noreferrer noopener\">artemis.arte.pedagogia@gmail.com<\/a><\/p>\n<!-- AddThis Advanced Settings generic via filter on the_content --><!-- AddThis Share Buttons generic via filter on the_content -->","protected":false},"excerpt":{"rendered":"<p>Tecnologie digitali:Come educare e crescere nell&#8217;era digitale? Una sfida per educatori, genitori e figli&nbsp; Sabato 4 febbraio, ore 17:30, sede di via Rossetti 61\/b La pervasivit\u00e0 della tecnica nel mondo odierno ha radicalmente modificato la qualit\u00e0 e le abitudini della nostra vita quotidiana. Studiare, lavorare, socializzare, giocare, amare, divertirsi sono attivit\u00e0 profondamente compenetrate dalle tecnologie digitali e la distinzione tra la vita reale e vita virtuale \u00e8 sempre pi\u00f9 labile e il lato oscuro del web (pornografia, violenza, cyberbullismo) va<a class=\"more-link\" href=\"https:\/\/www.artemis-arte-pedagogia.it\/?p=1718\"><span>Continua a leggere&#8230;<\/span><\/a><!-- AddThis Advanced Settings generic via filter on get_the_excerpt --><!-- AddThis Share Buttons generic via filter on get_the_excerpt --><\/p>\n","protected":false},"author":1,"featured_media":0,"comment_status":"closed","ping_status":"closed","sticky":false,"template":"","format":"standard","meta":{"ngg_post_thumbnail":0},"categories":[1],"tags":[],"_links":{"self":[{"href":"https:\/\/www.artemis-arte-pedagogia.it\/index.php?rest_route=\/wp\/v2\/posts\/1718"}],"collection":[{"href":"https:\/\/www.artemis-arte-pedagogia.it\/index.php?rest_route=\/wp\/v2\/posts"}],"about":[{"href":"https:\/\/www.artemis-arte-pedagogia.it\/index.php?rest_route=\/wp\/v2\/types\/post"}],"author":[{"embeddable":true,"href":"https:\/\/www.artemis-arte-pedagogia.it\/index.php?rest_route=\/wp\/v2\/users\/1"}],"replies":[{"embeddable":true,"href":"https:\/\/www.artemis-arte-pedagogia.it\/index.php?rest_route=%2Fwp%2Fv2%2Fcomments&post=1718"}],"version-history":[{"count":1,"href":"https:\/\/www.artemis-arte-pedagogia.it\/index.php?rest_route=\/wp\/v2\/posts\/1718\/revisions"}],"predecessor-version":[{"id":1719,"href":"https:\/\/www.artemis-arte-pedagogia.it\/index.php?rest_route=\/wp\/v2\/posts\/1718\/revisions\/1719"}],"wp:attachment":[{"href":"https:\/\/www.artemis-arte-pedagogia.it\/index.php?rest_route=%2Fwp%2Fv2%2Fmedia&parent=1718"}],"wp:term":[{"taxonomy":"category","embeddable":true,"href":"https:\/\/www.artemis-arte-pedagogia.it\/index.php?rest_route=%2Fwp%2Fv2%2Fcategories&post=1718"},{"taxonomy":"post_tag","embeddable":true,"href":"https:\/\/www.artemis-arte-pedagogia.it\/index.php?rest_route=%2Fwp%2Fv2%2Ftags&post=1718"}],"curies":[{"name":"wp","href":"https:\/\/api.w.org\/{rel}","templated":true}]}}