{"id":1753,"date":"2023-03-16T12:07:24","date_gmt":"2023-03-16T12:07:24","guid":{"rendered":"https:\/\/www.artemis-arte-pedagogia.it\/?p=1753"},"modified":"2023-03-16T13:01:02","modified_gmt":"2023-03-16T13:01:02","slug":"conferenza-perche-si-va-a-scuola%e2%9c%8d%ef%b8%8f","status":"publish","type":"post","link":"https:\/\/www.artemis-arte-pedagogia.it\/?p=1753","title":{"rendered":"CONFERENZA 6 aprile 2023 ore 17:30 \u2013 Perch\u00e9 si va a scuola?\u270d\ufe0f"},"content":{"rendered":"<div class=\"wp-block-image is-style-rounded\">\n<figure class=\"alignleft size-full is-resized\"><a href=\"https:\/\/www.artemis-arte-pedagogia.it\/wp-content\/uploads\/2023\/03\/WhatsApp-Image-2023-03-15-at-13.28.08-3.jpeg\"><img decoding=\"async\" loading=\"lazy\" src=\"https:\/\/www.artemis-arte-pedagogia.it\/wp-content\/uploads\/2023\/03\/WhatsApp-Image-2023-03-15-at-13.28.08-3.jpeg\" alt=\"\" class=\"wp-image-1767\" width=\"532\" height=\"347\" srcset=\"https:\/\/www.artemis-arte-pedagogia.it\/wp-content\/uploads\/2023\/03\/WhatsApp-Image-2023-03-15-at-13.28.08-3.jpeg 915w, https:\/\/www.artemis-arte-pedagogia.it\/wp-content\/uploads\/2023\/03\/WhatsApp-Image-2023-03-15-at-13.28.08-3-300x196.jpeg 300w, https:\/\/www.artemis-arte-pedagogia.it\/wp-content\/uploads\/2023\/03\/WhatsApp-Image-2023-03-15-at-13.28.08-3-768x502.jpeg 768w\" sizes=\"(max-width: 532px) 100vw, 532px\" \/><\/a><\/figure><\/div>\n\n\n<p class=\"has-text-align-left has-medium-font-size\" style=\"font-style:normal;font-weight:600\">Perch\u00e9 si va a scuola? Quando un bambino \u00e8 pronto per andare a scuola?<\/p>\n\n\n\n<p class=\"has-text-align-left has-medium-font-size\" style=\"font-style:normal;font-weight:600\">Domande dalle risposte spesso automatiche, ma che aprono a complessi scenari che impattano sull&#8217;apprendimento e la vita stessa dei nostri figli.<\/p>\n\n\n\n<p class=\"has-text-align-center\">&#8212;&#8212;&#8212;&#8212;&#8212;&#8212;<\/p>\n\n\n\n<p class=\"has-text-align-left\">Cosa si intende per maturit\u00e0 scolare? Perch\u00e9 \u00e8 cos\u00ec importante? Come capire se un bambino \u00e8 pronto per andare a scuola? Il passaggio dall\u2019asilo alla scuola costituisce un\u2019esperienza estremamente importante nella vita del bambino e dovrebbe corrispondere ai grandi cambiamenti che avvengono nella sua corporeit\u00e0 e nella sua vita interiore. Proprio questi cambiamenti costituiscono i motivi per cui ha senso iniziare il percorso scolastico.<\/p>\n\n\n\n<p class=\"has-text-align-left\">In questa conferenza scopriremo quali sono gli aspetti evolutivi caratteristici alla luce dei risultati della ricerca delle neuroscienze, dell\u2019indagine statistica e della pedagogia Steiner-Waldorf. Inoltre scopriremo diversi altri passaggi fondamentali lungo l\u2019intero percorso scolastico che \u00e8 importante conoscere e rispettare per far s\u00ec che la vita scolastica sia un percorso di sviluppo efficace, gratificante e salutare, sostenuto da un insegnamento che risuona con le profonde esigenze educative dell\u2019essere umano.<\/p>\n\n\n\n<p class=\"has-text-align-left\">Relatore: Alessio Gordini. Maestro della scuola Cometa di Milano, docente del corso di formazione in pedagogia antroposofica della stessa scuola e del corso di aggiornamento di Oriago, collabora con la Federazione delle scuole Steiner-Waldorf in Italia e tiene conferenze sulla pedagogia e sull\u2019insegnamento praticati nella scuola steineriana.<\/p>\n<!-- AddThis Advanced Settings generic via filter on the_content --><!-- AddThis Share Buttons generic via filter on the_content -->","protected":false},"excerpt":{"rendered":"<p>Perch\u00e9 si va a scuola? Quando un bambino \u00e8 pronto per andare a scuola? Domande dalle risposte spesso automatiche, ma che aprono a complessi scenari che impattano sull&#8217;apprendimento e la vita stessa dei nostri figli. &#8212;&#8212;&#8212;&#8212;&#8212;&#8212; Cosa si intende per maturit\u00e0 scolare? Perch\u00e9 \u00e8 cos\u00ec importante? Come capire se un bambino \u00e8 pronto per andare a scuola? Il passaggio dall\u2019asilo alla scuola costituisce un\u2019esperienza estremamente importante nella vita del bambino e dovrebbe corrispondere ai grandi cambiamenti che avvengono nella sua<a class=\"more-link\" href=\"https:\/\/www.artemis-arte-pedagogia.it\/?p=1753\"><span>Continua a leggere&#8230;<\/span><\/a><!-- AddThis Advanced Settings generic via filter on get_the_excerpt --><!-- AddThis Share Buttons generic via filter on get_the_excerpt --><\/p>\n","protected":false},"author":1,"featured_media":0,"comment_status":"closed","ping_status":"closed","sticky":false,"template":"","format":"standard","meta":{"ngg_post_thumbnail":0},"categories":[1],"tags":[],"_links":{"self":[{"href":"https:\/\/www.artemis-arte-pedagogia.it\/index.php?rest_route=\/wp\/v2\/posts\/1753"}],"collection":[{"href":"https:\/\/www.artemis-arte-pedagogia.it\/index.php?rest_route=\/wp\/v2\/posts"}],"about":[{"href":"https:\/\/www.artemis-arte-pedagogia.it\/index.php?rest_route=\/wp\/v2\/types\/post"}],"author":[{"embeddable":true,"href":"https:\/\/www.artemis-arte-pedagogia.it\/index.php?rest_route=\/wp\/v2\/users\/1"}],"replies":[{"embeddable":true,"href":"https:\/\/www.artemis-arte-pedagogia.it\/index.php?rest_route=%2Fwp%2Fv2%2Fcomments&post=1753"}],"version-history":[{"count":9,"href":"https:\/\/www.artemis-arte-pedagogia.it\/index.php?rest_route=\/wp\/v2\/posts\/1753\/revisions"}],"predecessor-version":[{"id":1771,"href":"https:\/\/www.artemis-arte-pedagogia.it\/index.php?rest_route=\/wp\/v2\/posts\/1753\/revisions\/1771"}],"wp:attachment":[{"href":"https:\/\/www.artemis-arte-pedagogia.it\/index.php?rest_route=%2Fwp%2Fv2%2Fmedia&parent=1753"}],"wp:term":[{"taxonomy":"category","embeddable":true,"href":"https:\/\/www.artemis-arte-pedagogia.it\/index.php?rest_route=%2Fwp%2Fv2%2Fcategories&post=1753"},{"taxonomy":"post_tag","embeddable":true,"href":"https:\/\/www.artemis-arte-pedagogia.it\/index.php?rest_route=%2Fwp%2Fv2%2Ftags&post=1753"}],"curies":[{"name":"wp","href":"https:\/\/api.w.org\/{rel}","templated":true}]}}