{"id":1785,"date":"2023-10-16T10:16:43","date_gmt":"2023-10-16T10:16:43","guid":{"rendered":"https:\/\/www.artemis-arte-pedagogia.it\/?p=1785"},"modified":"2023-10-16T13:45:21","modified_gmt":"2023-10-16T13:45:21","slug":"venerdi-20-ottobre-il-piano-di-studi-steiner-waldorf-presentazione-del-percorso-pedagogico-dalla-1a-all8a-classe","status":"publish","type":"post","link":"https:\/\/www.artemis-arte-pedagogia.it\/?p=1785","title":{"rendered":"Venerd\u00ec 20 ottobre \u2013 Il piano di studi Steiner-Waldorf, presentazione del percorso pedagogico dalla 1a all&#8217;8a classe\u270d\ufe0f"},"content":{"rendered":"\n<figure class=\"wp-block-image size-full is-resized is-style-rounded\"><a href=\"https:\/\/www.artemis-arte-pedagogia.it\/wp-content\/uploads\/2023\/10\/DSC_0198bjpg-scaled.jpg\"><img decoding=\"async\" loading=\"lazy\" src=\"https:\/\/www.artemis-arte-pedagogia.it\/wp-content\/uploads\/2023\/10\/DSC_0198bjpg-scaled.jpg\" alt=\"\" class=\"wp-image-1786\" width=\"640\" height=\"442\" srcset=\"https:\/\/www.artemis-arte-pedagogia.it\/wp-content\/uploads\/2023\/10\/DSC_0198bjpg-scaled.jpg 2560w, https:\/\/www.artemis-arte-pedagogia.it\/wp-content\/uploads\/2023\/10\/DSC_0198bjpg-300x207.jpg 300w, https:\/\/www.artemis-arte-pedagogia.it\/wp-content\/uploads\/2023\/10\/DSC_0198bjpg-1024x707.jpg 1024w, https:\/\/www.artemis-arte-pedagogia.it\/wp-content\/uploads\/2023\/10\/DSC_0198bjpg-768x530.jpg 768w, https:\/\/www.artemis-arte-pedagogia.it\/wp-content\/uploads\/2023\/10\/DSC_0198bjpg-1536x1061.jpg 1536w, https:\/\/www.artemis-arte-pedagogia.it\/wp-content\/uploads\/2023\/10\/DSC_0198bjpg-2048x1415.jpg 2048w\" sizes=\"(max-width: 640px) 100vw, 640px\" \/><\/a><\/figure>\n\n\n\n<p><\/p>\n\n\n\n<p><strong>Presentazione del percorso pedagogico Steiner-Waldorf a Trieste&nbsp;<\/strong><\/p>\n\n\n\n<p><em>Venerd\u00ec 20&nbsp;ottobre, dalle ore 17:30 alle ore 19:30, sede di via&nbsp;dei Leo 8, 1\u00b0 piano<\/em><\/p>\n\n\n\n<p>Quali sono le materie che compongono il piano di studi? Come vengono portate al bambino e al ragazzo per sostenerlo nella sua crescita e rendere l\u2019apprendimento efficace e sereno in un ambiente gioioso e atto a stimolare tutti i suoi talenti? Il maestro Mauro vi porter\u00e0 alla scoperta dei molteplici aspetti di questa pedagogia e didattica. Sar\u00e0 possibile fare domande e vedere gli ambienti che accolgono le classi.&nbsp;<img decoding=\"async\" loading=\"lazy\" alt=\"\u2728\" height=\"16\" src=\"https:\/\/ecp.yusercontent.com\/mail?url=https%3A%2F%2Fstatic.xx.fbcdn.net%2Fimages%2Femoji.php%2Fv9%2Ftf4%2F1%2F16%2F2728.png&amp;t=1697450827&amp;ymreqid=0615cefd-c901-9568-1c87-f900a901c400&amp;sig=VmVAZpnqLzW9xRhMXZcbUw--~D\" width=\"16\"><br><br>L&#8217;ingresso \u00e8 libero e l&#8217;incontro \u00e8 riservato ai soli adulti. Vi aspettiamo! \ud83d\ude42<br><br>Gradito l&#8217;avviso di partecipazione via messaggio al numero di cellulare: 340&nbsp;7897138&nbsp;<br>Info:&nbsp;<a rel=\"noreferrer noopener\" target=\"_blank\" href=\"https:\/\/artemis-arte-pedagogia.us12.list-manage.com\/track\/click?u=90abcc09de05002895578f24f&amp;id=3a161e784c&amp;e=e41aade682\">www.artemis-arte-pedagogia.it<\/a><br>email: artemis.arte.pedagogia@gmail.com<\/p>\n\n\n\n<p><img decoding=\"async\" loading=\"lazy\" height=\"16\" width=\"16\" src=\"https:\/\/ecp.yusercontent.com\/mail?url=https%3A%2F%2Fstatic.xx.fbcdn.net%2Fimages%2Femoji.php%2Fv9%2Ftb4%2F1%2F16%2F2b50.png&amp;t=1697450827&amp;ymreqid=0615cefd-c901-9568-1c87-f900a901c400&amp;sig=LF6_aAbCfd78JScMNqTJzA--~D\" alt=\"\u2b50\ufe0f\">&nbsp;L&#8217;associazione Artemis \u00e8 ente aggregato della Federazione delle scuole Steiner-Waldorf in Italia.<img decoding=\"async\" loading=\"lazy\" height=\"16\" width=\"16\" src=\"https:\/\/ecp.yusercontent.com\/mail?url=https%3A%2F%2Fstatic.xx.fbcdn.net%2Fimages%2Femoji.php%2Fv9%2Ftb4%2F1%2F16%2F2b50.png&amp;t=1697450827&amp;ymreqid=0615cefd-c901-9568-1c87-f900a901c400&amp;sig=LF6_aAbCfd78JScMNqTJzA--~D\" alt=\"\u2b50\ufe0f\"><\/p>\n\n\n\n<p class=\"has-text-align-center\"><em>L\u2019associazione Artemis nasce con lo scopo di educare i bambini e ragazzi, attraverso arte e scienza, con amore, autenticit\u00e0 e competenza, coinvolgendo i genitori in un percorso di crescita, al fine di ottenere forza, salute e libert\u00e0 per s\u00e9 e un mondo migliore.<\/em><\/p>\n\n\n\n<p><\/p>\n<!-- AddThis Advanced Settings generic via filter on the_content --><!-- AddThis Share Buttons generic via filter on the_content -->","protected":false},"excerpt":{"rendered":"<p>Presentazione del percorso pedagogico Steiner-Waldorf a Trieste&nbsp; Venerd\u00ec 20&nbsp;ottobre, dalle ore 17:30 alle ore 19:30, sede di via&nbsp;dei Leo 8, 1\u00b0 piano Quali sono le materie che compongono il piano di studi? Come vengono portate al bambino e al ragazzo per sostenerlo nella sua crescita e rendere l\u2019apprendimento efficace e sereno in un ambiente gioioso e atto a stimolare tutti i suoi talenti? Il maestro Mauro vi porter\u00e0 alla scoperta dei molteplici aspetti di questa pedagogia e didattica. Sar\u00e0 possibile<a class=\"more-link\" href=\"https:\/\/www.artemis-arte-pedagogia.it\/?p=1785\"><span>Continua a leggere&#8230;<\/span><\/a><!-- AddThis Advanced Settings generic via filter on get_the_excerpt --><!-- AddThis Share Buttons generic via filter on get_the_excerpt --><\/p>\n","protected":false},"author":1,"featured_media":0,"comment_status":"closed","ping_status":"closed","sticky":false,"template":"","format":"standard","meta":{"ngg_post_thumbnail":0},"categories":[1],"tags":[],"_links":{"self":[{"href":"https:\/\/www.artemis-arte-pedagogia.it\/index.php?rest_route=\/wp\/v2\/posts\/1785"}],"collection":[{"href":"https:\/\/www.artemis-arte-pedagogia.it\/index.php?rest_route=\/wp\/v2\/posts"}],"about":[{"href":"https:\/\/www.artemis-arte-pedagogia.it\/index.php?rest_route=\/wp\/v2\/types\/post"}],"author":[{"embeddable":true,"href":"https:\/\/www.artemis-arte-pedagogia.it\/index.php?rest_route=\/wp\/v2\/users\/1"}],"replies":[{"embeddable":true,"href":"https:\/\/www.artemis-arte-pedagogia.it\/index.php?rest_route=%2Fwp%2Fv2%2Fcomments&post=1785"}],"version-history":[{"count":7,"href":"https:\/\/www.artemis-arte-pedagogia.it\/index.php?rest_route=\/wp\/v2\/posts\/1785\/revisions"}],"predecessor-version":[{"id":1794,"href":"https:\/\/www.artemis-arte-pedagogia.it\/index.php?rest_route=\/wp\/v2\/posts\/1785\/revisions\/1794"}],"wp:attachment":[{"href":"https:\/\/www.artemis-arte-pedagogia.it\/index.php?rest_route=%2Fwp%2Fv2%2Fmedia&parent=1785"}],"wp:term":[{"taxonomy":"category","embeddable":true,"href":"https:\/\/www.artemis-arte-pedagogia.it\/index.php?rest_route=%2Fwp%2Fv2%2Fcategories&post=1785"},{"taxonomy":"post_tag","embeddable":true,"href":"https:\/\/www.artemis-arte-pedagogia.it\/index.php?rest_route=%2Fwp%2Fv2%2Ftags&post=1785"}],"curies":[{"name":"wp","href":"https:\/\/api.w.org\/{rel}","templated":true}]}}