{"id":1796,"date":"2023-10-26T09:06:24","date_gmt":"2023-10-26T09:06:24","guid":{"rendered":"https:\/\/www.artemis-arte-pedagogia.it\/?p=1796"},"modified":"2024-01-02T15:16:11","modified_gmt":"2024-01-02T15:16:11","slug":"conferenza-venerdi-17-novembre-antico-caffe-san-marco-ore-1730-tecnologie-digitali-come-educare-e-crescere-nellera-digitale-una-sfida-per-educatori-genitori-e-figli-con-giorgio-capellani","status":"publish","type":"post","link":"https:\/\/www.artemis-arte-pedagogia.it\/?p=1796","title":{"rendered":"CONFERENZA \u270d\ufe0f &#8211; venerd\u00ec 17 novembre 2023, Antico Caff\u00e8 San Marco, ore 17:30 &#8211; Tecnologie digitali: come educare e crescere nell&#8217;era digitale? Una sfida per educatori, genitori e figli &#8211; Con Giorgio Capellani"},"content":{"rendered":"\n<p><\/p>\n\n\n\n<p><\/p>\n\n\n\n<figure class=\"wp-block-image size-full is-resized is-style-rounded\"><a href=\"https:\/\/www.artemis-arte-pedagogia.it\/wp-content\/uploads\/2023\/10\/istockphoto-1214298505-612x612-1.jpg\"><img decoding=\"async\" loading=\"lazy\" src=\"https:\/\/www.artemis-arte-pedagogia.it\/wp-content\/uploads\/2023\/10\/istockphoto-1214298505-612x612-1.jpg\" alt=\"\" class=\"wp-image-1797\" width=\"459\" height=\"306\" srcset=\"https:\/\/www.artemis-arte-pedagogia.it\/wp-content\/uploads\/2023\/10\/istockphoto-1214298505-612x612-1.jpg 612w, https:\/\/www.artemis-arte-pedagogia.it\/wp-content\/uploads\/2023\/10\/istockphoto-1214298505-612x612-1-300x200.jpg 300w\" sizes=\"(max-width: 459px) 100vw, 459px\" \/><\/a><\/figure>\n\n\n\n<p>Dopo il successo della scorsa volta, siamo lieti di ospitare nuovamente Giorgio Capellani che torna a parlarci di un tema di grandissima attualit\u00e0:<\/p>\n\n\n\n<p><strong>Tecnologie digitali:<br>Come educare e crescere nell&#8217;era digitale? Una sfida per educatori, genitori e figli<\/strong><br>&nbsp;<\/p>\n\n\n\n<p><em>Venerd\u00ec 17 novembre, ore 17:30, Antico Caff\u00e8 San Marco, via Battisti 18<\/em><\/p>\n\n\n\n<p>La pervasivit\u00e0 della tecnica nel mondo odierno ha radicalmente modificato la qualit\u00e0 e le abitudini della nostra vita quotidiana. Studiare, lavorare, socializzare, giocare, amare, divertirsi sono attivit\u00e0 profondamente compenetrate dalle tecnologie digitali e la distinzione tra la vita reale e vita virtuale \u00e8 sempre pi\u00f9 labile e il lato oscuro del web (pornografia, violenza, cyberbullismo) va conosciuto ed affrontato con decisione. Comprendere la natura dell\u2019uomo, le modalit\u00e0 e i rischi nella gestione delle tecnologie nella nostra vita \u00e8 una necessit\u00e0 alla quale non possiamo sottrarci. Insieme cercheremo di comprendere le sfide che il mondo della tecnica ci pone oggi, il loro significato per la vita dei nostri bambini e le strategie necessarie per rimanere uomini nel senso compiuto del termine<img decoding=\"async\" src=\"https:\/\/fonts.gstatic.com\/s\/e\/notoemoji\/15.0\/1f4ab\/32.png\" alt=\"\ud83d\udcab\"><br><br>Ingresso libero.<br><br><strong>A cura di Giorgio Capellani<\/strong><br>Ingegnere, si \u00e8 laureato al Politecnico di Milano nel 1985. Ha collaborato con aziende multinazionali nel campo delle tecnologie informatiche ricoprendo ruoli professionali e manageriali in contesto nazionale e&nbsp;internazionale. Attualmente insegna materie scientifiche e collabora con i seminari di formazione per insegnanti Waldorf di Milano, Manduria ed Oriago. Svolge attivit\u00e0 di conferenziere in ambito storico, tecnologico ed antroposofico.&nbsp;\u00c8 autore del libro &#8220;Crescere nell&#8217;era digitale&#8221;.<br><br>Info:&nbsp;<a rel=\"noreferrer noopener\" href=\"https:\/\/artemis-arte-pedagogia.us12.list-manage.com\/track\/click?u=90abcc09de05002895578f24f&amp;id=00c045319a&amp;e=bd45a6223c\" target=\"_blank\">www.artemis-arte-pedagogia.it<\/a><br>email:&nbsp;<a rel=\"noreferrer noopener\" href=\"mailto:artemis.arte.pedagogia@gmail.com\" target=\"_blank\">artemis.arte.pedagogia@gmail.com<\/a><\/p>\n<!-- AddThis Advanced Settings generic via filter on the_content --><!-- AddThis Share Buttons generic via filter on the_content -->","protected":false},"excerpt":{"rendered":"<p>Dopo il successo della scorsa volta, siamo lieti di ospitare nuovamente Giorgio Capellani che torna a parlarci di un tema di grandissima attualit\u00e0: Tecnologie digitali:Come educare e crescere nell&#8217;era digitale? Una sfida per educatori, genitori e figli&nbsp; Venerd\u00ec 17 novembre, ore 17:30, Antico Caff\u00e8 San Marco, via Battisti 18 La pervasivit\u00e0 della tecnica nel mondo odierno ha radicalmente modificato la qualit\u00e0 e le abitudini della nostra vita quotidiana. Studiare, lavorare, socializzare, giocare, amare, divertirsi sono attivit\u00e0 profondamente compenetrate dalle tecnologie<a class=\"more-link\" href=\"https:\/\/www.artemis-arte-pedagogia.it\/?p=1796\"><span>Continua a leggere&#8230;<\/span><\/a><!-- AddThis Advanced Settings generic via filter on get_the_excerpt --><!-- AddThis Share Buttons generic via filter on get_the_excerpt --><\/p>\n","protected":false},"author":1,"featured_media":0,"comment_status":"closed","ping_status":"closed","sticky":false,"template":"","format":"standard","meta":{"ngg_post_thumbnail":0},"categories":[4],"tags":[],"_links":{"self":[{"href":"https:\/\/www.artemis-arte-pedagogia.it\/index.php?rest_route=\/wp\/v2\/posts\/1796"}],"collection":[{"href":"https:\/\/www.artemis-arte-pedagogia.it\/index.php?rest_route=\/wp\/v2\/posts"}],"about":[{"href":"https:\/\/www.artemis-arte-pedagogia.it\/index.php?rest_route=\/wp\/v2\/types\/post"}],"author":[{"embeddable":true,"href":"https:\/\/www.artemis-arte-pedagogia.it\/index.php?rest_route=\/wp\/v2\/users\/1"}],"replies":[{"embeddable":true,"href":"https:\/\/www.artemis-arte-pedagogia.it\/index.php?rest_route=%2Fwp%2Fv2%2Fcomments&post=1796"}],"version-history":[{"count":9,"href":"https:\/\/www.artemis-arte-pedagogia.it\/index.php?rest_route=\/wp\/v2\/posts\/1796\/revisions"}],"predecessor-version":[{"id":1832,"href":"https:\/\/www.artemis-arte-pedagogia.it\/index.php?rest_route=\/wp\/v2\/posts\/1796\/revisions\/1832"}],"wp:attachment":[{"href":"https:\/\/www.artemis-arte-pedagogia.it\/index.php?rest_route=%2Fwp%2Fv2%2Fmedia&parent=1796"}],"wp:term":[{"taxonomy":"category","embeddable":true,"href":"https:\/\/www.artemis-arte-pedagogia.it\/index.php?rest_route=%2Fwp%2Fv2%2Fcategories&post=1796"},{"taxonomy":"post_tag","embeddable":true,"href":"https:\/\/www.artemis-arte-pedagogia.it\/index.php?rest_route=%2Fwp%2Fv2%2Ftags&post=1796"}],"curies":[{"name":"wp","href":"https:\/\/api.w.org\/{rel}","templated":true}]}}