{"id":1802,"date":"2023-11-10T16:13:41","date_gmt":"2023-11-10T16:13:41","guid":{"rendered":"https:\/\/www.artemis-arte-pedagogia.it\/?p=1802"},"modified":"2024-01-02T15:15:52","modified_gmt":"2024-01-02T15:15:52","slug":"festa-di-natale-%f0%9f%8e%84%e2%9c%a8-26-novembre-2023-dalle-10-alle-18","status":"publish","type":"post","link":"https:\/\/www.artemis-arte-pedagogia.it\/?p=1802","title":{"rendered":"FESTA DI NATALE\u00a0\ud83c\udf84\u2728 &#8211; 26 novembre 2023 dalle 10 alle 18, via del Collegio 6"},"content":{"rendered":"\n<figure class=\"wp-block-image size-large is-resized\"><a href=\"https:\/\/www.artemis-arte-pedagogia.it\/wp-content\/uploads\/2023\/11\/BAZAR-2023.lanterne.5A3_page-0001-1.jpg\"><img decoding=\"async\" loading=\"lazy\" src=\"https:\/\/www.artemis-arte-pedagogia.it\/wp-content\/uploads\/2023\/11\/BAZAR-2023.lanterne.5A3_page-0001-1-724x1024.jpg\" alt=\"\" class=\"wp-image-1804\" width=\"362\" height=\"512\" srcset=\"https:\/\/www.artemis-arte-pedagogia.it\/wp-content\/uploads\/2023\/11\/BAZAR-2023.lanterne.5A3_page-0001-1-724x1024.jpg 724w, https:\/\/www.artemis-arte-pedagogia.it\/wp-content\/uploads\/2023\/11\/BAZAR-2023.lanterne.5A3_page-0001-1-212x300.jpg 212w, https:\/\/www.artemis-arte-pedagogia.it\/wp-content\/uploads\/2023\/11\/BAZAR-2023.lanterne.5A3_page-0001-1-768x1086.jpg 768w, https:\/\/www.artemis-arte-pedagogia.it\/wp-content\/uploads\/2023\/11\/BAZAR-2023.lanterne.5A3_page-0001-1-1086x1536.jpg 1086w, https:\/\/www.artemis-arte-pedagogia.it\/wp-content\/uploads\/2023\/11\/BAZAR-2023.lanterne.5A3_page-0001-1-1448x2048.jpg 1448w, https:\/\/www.artemis-arte-pedagogia.it\/wp-content\/uploads\/2023\/11\/BAZAR-2023.lanterne.5A3_page-0001-1.jpg 1755w\" sizes=\"(max-width: 362px) 100vw, 362px\" \/><\/a><\/figure>\n\n\n\n<p class=\"has-text-align-center\">Anche quest&#8217;anno torna la nostra tradizionale Festa di Natale con laboratori per bambini e adulti, teatrino di pupette, spettacolo teatrale, cori natalizi e mercatino con libri e creazioni artigianali per regali di qualit\u00e0 e alto valore pedagogico! \ud83c\udf84 <\/p>\n\n\n\n<p class=\"has-text-align-center\">I nostri maestri saranno a disposizione durante l&#8217;evento per fornire informazioni e rispondere a ogni curiosit\u00e0! \ud83c\udf40<br><br>Ecco il programma della giornata:<\/p>\n\n\n\n<p><span style=\"text-decoration: underline;\">LABORATORI PER BAMBINI:<\/span><\/p>\n\n\n\n<p>\u2b50 Creazione di una graziosa lanterna: dalle 10:30 alle 13:00<br>\u2b50 Realizzazione di una profumata candela a stelo in pura cera d&#8217;api: dalle 10:30 alle 13:00<br>\u2b50 Giochiamo ai pasticceri: la casetta dolce&nbsp;&#8211; dalle 14 alle 16<\/p>\n\n\n\n<p><em>* Tutti i materiali verranno forniti dall\u2019associazione e al termine fine del laboratorio ciascuno potr\u00e0 portare a casa il proprio manufatto. Per la partecipazione \u00e8 richiesto un contributo spese pari a 7 euro a bambino. Non \u00e8 necessaria la prenotazione.<\/em><\/p>\n\n\n\n<p><span style=\"text-decoration: underline;\">LABORATORIO PER ADULTI:<\/span><\/p>\n\n\n\n<p>\u2b50 Fabbricazione e\/o decorazione della tradizionale corona d&#8217;Avvento in abete: orario continuato dalle 10 alle 18<\/p>\n\n\n\n<p><em>* Tutti i materiali verranno forniti dall\u2019associazione e al termine fine del laboratorio ciascuno potr\u00e0 portare a casa il proprio manufatto. Per la partecipazione \u00e8 richiesto un contributo spese pari a 25 euro a persona. Non \u00e8 necessaria la prenotazione.<\/em><\/p>\n\n\n\n<p><span style=\"text-decoration: underline;\">TEATRINO DI PUPETTE PER I PICCINI (3-6 ANNI):<\/span><\/p>\n\n\n\n<p>\u2b50 Fiaba dei fratelli Grimm &#8220;L&#8217;asinello&#8221;: ore 11:30<br>\u2b50 Fiaba dei fratelli Grimm &#8220;Raperonzolo&#8221;: ore 10:00 e 16:45<\/p>\n\n\n\n<p><em>* Biglietto per il teatrino di pupette: 6 euro a bambino (accompagnatore incluso)<\/em><\/p>\n\n\n\n<p><span style=\"text-decoration: underline;\">SPETTACOLO TEATRALE (NOVITA!) PER BAMBINI DAI 6 AI 12 ANNI:<\/span><\/p>\n\n\n\n<p>\u2b50 &#8220;Le fiabe in scena: principi e principesse&#8221;, con Julian Sgherla e Giustina Testa di&nbsp;Teatrob\u00e0ndus, ore 16<\/p>\n\n\n\n<p><em>* Biglietto per lo spettacolo teatrale: 7 euro a persona<\/em><\/p>\n\n\n\n<p><span style=\"text-decoration: underline;\">CORO DI NATALE (NOVITA!):<\/span><\/p>\n\n\n\n<p>\u2b50 Coro di Natale dei nostri allievi alle ore 11, ingresso libero<br><br><strong>DURANTE TUTTA LA GIORNATA SAR\u00c0 PRESENTE IL MERCATINO DI NATALE<\/strong>\ud83c\udf84<strong>:<\/strong> <br>\u2744\ufe0f Decorazioni natalizie e per il tavolo delle stagioni<br>\u2744\ufe0f&nbsp;Presepi in feltro e pannolenci<br>\u2744\ufe0f Ghirlande&nbsp;<br>\u2744\ufe0f Candele artigianali in cera d&#8217;api dalle pi\u00f9 originali forme e buonissimo profumo per s\u00e9 e da regalare<br>\u2744\ufe0f Libri di lettura per bambini, pedagogia steineriana e antroposofia<br>\u2744\ufe0f Giocattoli in legno<br>\u2744\ufe0f Materiali artistici e didattici<br>\u2744\ufe0f Pane e miele biologici e biodinamici<br>\u2744\ufe0f &#8230; e tanto altro ancora!<\/p>\n\n\n\n<p><strong>E L&#8217;ANGOLO RISTORO \ud83c\udf74:<\/strong><br>\ud83c\udf2e Tanti cibi gustosi e sani per pranzo, merenda e spuntini: pietanze con prodotti biologici, per tutti i palati ed esigenze, anche veg e gluten-free&nbsp;<br>\u2615Zona dedicata per un buon caff\u00e8, cioccolata calda e altro ancora&nbsp;\ud83d\udc9b<br><\/p>\n\n\n\n<p class=\"has-text-align-center\"><strong>Vi aspettiamo per trascorrere&nbsp;e festeggiare insieme questa<br>domenica che ci avvicina al Natale!<\/strong><\/p>\n\n\n\n<p><em> *** Tutto il ricavato dell&#8217;evento sar\u00e0 devoluto a sostegno delle attivit\u00e0 associative di Artemis APS. ***<\/em><\/p>\n\n\n\n<p><\/p>\n<!-- AddThis Advanced Settings generic via filter on the_content --><!-- AddThis Share Buttons generic via filter on the_content -->","protected":false},"excerpt":{"rendered":"<p>Anche quest&#8217;anno torna la nostra tradizionale Festa di Natale con laboratori per bambini e adulti, teatrino di pupette, spettacolo teatrale, cori natalizi e mercatino con libri e creazioni artigianali per regali di qualit\u00e0 e alto valore pedagogico! \ud83c\udf84 I nostri maestri saranno a disposizione durante l&#8217;evento per fornire informazioni e rispondere a ogni curiosit\u00e0! \ud83c\udf40 Ecco il programma della giornata: LABORATORI PER BAMBINI: \u2b50 Creazione di una graziosa lanterna: dalle 10:30 alle 13:00\u2b50 Realizzazione di una profumata candela a stelo<a class=\"more-link\" href=\"https:\/\/www.artemis-arte-pedagogia.it\/?p=1802\"><span>Continua a leggere&#8230;<\/span><\/a><!-- AddThis Advanced Settings generic via filter on get_the_excerpt --><!-- AddThis Share Buttons generic via filter on get_the_excerpt --><\/p>\n","protected":false},"author":1,"featured_media":0,"comment_status":"closed","ping_status":"closed","sticky":false,"template":"","format":"standard","meta":{"ngg_post_thumbnail":0},"categories":[4],"tags":[],"_links":{"self":[{"href":"https:\/\/www.artemis-arte-pedagogia.it\/index.php?rest_route=\/wp\/v2\/posts\/1802"}],"collection":[{"href":"https:\/\/www.artemis-arte-pedagogia.it\/index.php?rest_route=\/wp\/v2\/posts"}],"about":[{"href":"https:\/\/www.artemis-arte-pedagogia.it\/index.php?rest_route=\/wp\/v2\/types\/post"}],"author":[{"embeddable":true,"href":"https:\/\/www.artemis-arte-pedagogia.it\/index.php?rest_route=\/wp\/v2\/users\/1"}],"replies":[{"embeddable":true,"href":"https:\/\/www.artemis-arte-pedagogia.it\/index.php?rest_route=%2Fwp%2Fv2%2Fcomments&post=1802"}],"version-history":[{"count":8,"href":"https:\/\/www.artemis-arte-pedagogia.it\/index.php?rest_route=\/wp\/v2\/posts\/1802\/revisions"}],"predecessor-version":[{"id":1920,"href":"https:\/\/www.artemis-arte-pedagogia.it\/index.php?rest_route=\/wp\/v2\/posts\/1802\/revisions\/1920"}],"wp:attachment":[{"href":"https:\/\/www.artemis-arte-pedagogia.it\/index.php?rest_route=%2Fwp%2Fv2%2Fmedia&parent=1802"}],"wp:term":[{"taxonomy":"category","embeddable":true,"href":"https:\/\/www.artemis-arte-pedagogia.it\/index.php?rest_route=%2Fwp%2Fv2%2Fcategories&post=1802"},{"taxonomy":"post_tag","embeddable":true,"href":"https:\/\/www.artemis-arte-pedagogia.it\/index.php?rest_route=%2Fwp%2Fv2%2Ftags&post=1802"}],"curies":[{"name":"wp","href":"https:\/\/api.w.org\/{rel}","templated":true}]}}