{"id":1878,"date":"2024-02-08T07:44:49","date_gmt":"2024-02-08T07:44:49","guid":{"rendered":"https:\/\/www.artemis-arte-pedagogia.it\/?p=1878"},"modified":"2024-02-08T07:45:41","modified_gmt":"2024-02-08T07:45:41","slug":"open-day-2024-2025-nuova-data-23-febbraio-2024-h-1730-percorso-per-la-scuola-primaria-e-secondaria-di-primo-grado-a-trieste","status":"publish","type":"post","link":"https:\/\/www.artemis-arte-pedagogia.it\/?p=1878","title":{"rendered":"OPEN DAY 2024\/2025 \u2013 Nuova data! 23 febbraio 2024 h\u00a017:30\u00a0\u00a0\u2013 Percorso per la scuola primaria e secondaria di primo grado a Trieste"},"content":{"rendered":"\n<figure class=\"wp-block-image size-large is-resized\"><a href=\"https:\/\/www.artemis-arte-pedagogia.it\/wp-content\/uploads\/2024\/02\/Nuova-data-open-day.png\"><img decoding=\"async\" loading=\"lazy\" src=\"https:\/\/www.artemis-arte-pedagogia.it\/wp-content\/uploads\/2024\/02\/Nuova-data-open-day-724x1024.png\" alt=\"\" class=\"wp-image-1879\" width=\"362\" height=\"512\" srcset=\"https:\/\/www.artemis-arte-pedagogia.it\/wp-content\/uploads\/2024\/02\/Nuova-data-open-day-724x1024.png 724w, https:\/\/www.artemis-arte-pedagogia.it\/wp-content\/uploads\/2024\/02\/Nuova-data-open-day-212x300.png 212w, https:\/\/www.artemis-arte-pedagogia.it\/wp-content\/uploads\/2024\/02\/Nuova-data-open-day-768x1086.png 768w, https:\/\/www.artemis-arte-pedagogia.it\/wp-content\/uploads\/2024\/02\/Nuova-data-open-day-1086x1536.png 1086w, https:\/\/www.artemis-arte-pedagogia.it\/wp-content\/uploads\/2024\/02\/Nuova-data-open-day.png 1414w\" sizes=\"(max-width: 362px) 100vw, 362px\" \/><\/a><\/figure>\n\n\n\n<p>Nuova data per l&#8217;open day del percorso scolastico Steiner-Waldorf a Trieste! Per chi non \u00e8 riuscito a partecipare agli incontri scorsi, il nuovo appuntamento \u00e8 per venerd\u00ec 23 febbraio alle 17:30 in via dei Leo 8.<\/p>\n\n\n\n<p>Durata prevista: due ore. Gradita prenotazione al numero 340 7897138. Vi aspettiamo! <img decoding=\"async\" loading=\"lazy\" height=\"16\" width=\"16\" alt=\"\u2728\" src=\"https:\/\/static.xx.fbcdn.net\/images\/emoji.php\/v9\/t7b\/1.5\/16\/2728.png\"><img decoding=\"async\" loading=\"lazy\" height=\"16\" width=\"16\" alt=\"\ud83e\udd17\" src=\"https:\/\/static.xx.fbcdn.net\/images\/emoji.php\/v9\/t10\/1.5\/16\/1f917.png\"><\/p>\n<!-- AddThis Advanced Settings generic via filter on the_content --><!-- AddThis Share Buttons generic via filter on the_content -->","protected":false},"excerpt":{"rendered":"<p>Nuova data per l&#8217;open day del percorso scolastico Steiner-Waldorf a Trieste! Per chi non \u00e8 riuscito a partecipare agli incontri scorsi, il nuovo appuntamento \u00e8 per venerd\u00ec 23 febbraio alle 17:30 in via dei Leo 8. Durata prevista: due ore. Gradita prenotazione al numero 340 7897138. Vi aspettiamo!<!-- AddThis Advanced Settings generic via filter on get_the_excerpt --><!-- AddThis Share Buttons generic via filter on get_the_excerpt --><\/p>\n","protected":false},"author":1,"featured_media":0,"comment_status":"closed","ping_status":"closed","sticky":false,"template":"","format":"standard","meta":{"ngg_post_thumbnail":0},"categories":[4,22,1],"tags":[],"_links":{"self":[{"href":"https:\/\/www.artemis-arte-pedagogia.it\/index.php?rest_route=\/wp\/v2\/posts\/1878"}],"collection":[{"href":"https:\/\/www.artemis-arte-pedagogia.it\/index.php?rest_route=\/wp\/v2\/posts"}],"about":[{"href":"https:\/\/www.artemis-arte-pedagogia.it\/index.php?rest_route=\/wp\/v2\/types\/post"}],"author":[{"embeddable":true,"href":"https:\/\/www.artemis-arte-pedagogia.it\/index.php?rest_route=\/wp\/v2\/users\/1"}],"replies":[{"embeddable":true,"href":"https:\/\/www.artemis-arte-pedagogia.it\/index.php?rest_route=%2Fwp%2Fv2%2Fcomments&post=1878"}],"version-history":[{"count":2,"href":"https:\/\/www.artemis-arte-pedagogia.it\/index.php?rest_route=\/wp\/v2\/posts\/1878\/revisions"}],"predecessor-version":[{"id":1881,"href":"https:\/\/www.artemis-arte-pedagogia.it\/index.php?rest_route=\/wp\/v2\/posts\/1878\/revisions\/1881"}],"wp:attachment":[{"href":"https:\/\/www.artemis-arte-pedagogia.it\/index.php?rest_route=%2Fwp%2Fv2%2Fmedia&parent=1878"}],"wp:term":[{"taxonomy":"category","embeddable":true,"href":"https:\/\/www.artemis-arte-pedagogia.it\/index.php?rest_route=%2Fwp%2Fv2%2Fcategories&post=1878"},{"taxonomy":"post_tag","embeddable":true,"href":"https:\/\/www.artemis-arte-pedagogia.it\/index.php?rest_route=%2Fwp%2Fv2%2Ftags&post=1878"}],"curies":[{"name":"wp","href":"https:\/\/api.w.org\/{rel}","templated":true}]}}