{"id":1882,"date":"2024-03-29T10:53:53","date_gmt":"2024-03-29T10:53:53","guid":{"rendered":"https:\/\/www.artemis-arte-pedagogia.it\/?p=1882"},"modified":"2024-03-29T10:53:54","modified_gmt":"2024-03-29T10:53:54","slug":"conferenza-%e2%9c%8d%ef%b8%8f-venerdi-19-aprile-2024-ore-1730-antico-caffe-san-marco-1914-1945-la-guerra-civile-europea-comprenderne-le-origini-le-motivazioni-leredita-com","status":"publish","type":"post","link":"https:\/\/www.artemis-arte-pedagogia.it\/?p=1882","title":{"rendered":"CONFERENZA \u270d\ufe0f venerd\u00ec 19 aprile 2024, ore 17:30, Antico Caff\u00e8 San Marco. &#8220;1914 \u2013 1945 la guerra civile europea: comprenderne le origini, le motivazioni, l\u2019eredit\u00e0. Come superare i drammi del Novecento e trasformarli in impulsi per il futuro&#8221;"},"content":{"rendered":"\n<p><\/p>\n\n\n\n<p><\/p>\n\n\n\n<p><\/p>\n\n\n\n<p><\/p>\n\n\n\n<figure class=\"wp-block-image size-full\"><a href=\"https:\/\/www.artemis-arte-pedagogia.it\/wp-content\/uploads\/2024\/03\/Screenshot-2024-03-28-21.45.58.png\"><img decoding=\"async\" loading=\"lazy\" width=\"670\" height=\"238\" src=\"https:\/\/www.artemis-arte-pedagogia.it\/wp-content\/uploads\/2024\/03\/Screenshot-2024-03-28-21.45.58.png\" alt=\"\" class=\"wp-image-1884\" srcset=\"https:\/\/www.artemis-arte-pedagogia.it\/wp-content\/uploads\/2024\/03\/Screenshot-2024-03-28-21.45.58.png 670w, https:\/\/www.artemis-arte-pedagogia.it\/wp-content\/uploads\/2024\/03\/Screenshot-2024-03-28-21.45.58-300x107.png 300w\" sizes=\"(max-width: 670px) 100vw, 670px\" \/><\/a><\/figure>\n\n\n\n<p>Il 19 aprile alle 17:30 presso l&#8217;Antico Caff\u00e8 San Marco torna a trovarci Giorgio Capellani, questa volta per parlarci di un tema storico che aiuta a comprendere il presente e trovare delle chiavi per il futuro:<\/p>\n\n\n\n<p>&#8220;1914 \u2013 1945 la guerra civile europea: comprenderne le origini, le motivazioni, l\u2019eredit\u00e0. Come superare i drammi del Novecento e trasformarli in impulsi per il futuro.<\/p>\n\n\n\n<p>Gli effetti delle due guerre mondiali del secolo scorso continuano ad agire come spettri nella nostra civilt\u00e0. I genocidi del 900 hanno rappresentato il punto pi\u00f9 basso della nostra era. Il Centro Europa ha fallito il proprio ruolo di portatore di una nuova civilt\u00e0 basata sul riconoscimento della spiritualit\u00e0 umana. Partendo da una prospettiva sintomatologica cercheremo di comprendere se il tramonto dell\u2019Occidente \u00e8 destinato ad avverarsi e quali sono le prospettive evolutive.&#8221;<\/p>\n\n\n\n<p>Durata: circa due ore. Vi aspettiamo \ud83e\udd17<\/p>\n<!-- AddThis Advanced Settings generic via filter on the_content --><!-- AddThis Share Buttons generic via filter on the_content -->","protected":false},"excerpt":{"rendered":"<p>Il 19 aprile alle 17:30 presso l&#8217;Antico Caff\u00e8 San Marco torna a trovarci Giorgio Capellani, questa volta per parlarci di un tema storico che aiuta a comprendere il presente e trovare delle chiavi per il futuro: &#8220;1914 \u2013 1945 la guerra civile europea: comprenderne le origini, le motivazioni, l\u2019eredit\u00e0. Come superare i drammi del Novecento e trasformarli in impulsi per il futuro. Gli effetti delle due guerre mondiali del secolo scorso continuano ad agire come spettri nella nostra civilt\u00e0. I<a class=\"more-link\" href=\"https:\/\/www.artemis-arte-pedagogia.it\/?p=1882\"><span>Continua a leggere&#8230;<\/span><\/a><!-- AddThis Advanced Settings generic via filter on get_the_excerpt --><!-- AddThis Share Buttons generic via filter on get_the_excerpt --><\/p>\n","protected":false},"author":1,"featured_media":0,"comment_status":"closed","ping_status":"closed","sticky":false,"template":"","format":"standard","meta":{"ngg_post_thumbnail":0},"categories":[4,22],"tags":[],"_links":{"self":[{"href":"https:\/\/www.artemis-arte-pedagogia.it\/index.php?rest_route=\/wp\/v2\/posts\/1882"}],"collection":[{"href":"https:\/\/www.artemis-arte-pedagogia.it\/index.php?rest_route=\/wp\/v2\/posts"}],"about":[{"href":"https:\/\/www.artemis-arte-pedagogia.it\/index.php?rest_route=\/wp\/v2\/types\/post"}],"author":[{"embeddable":true,"href":"https:\/\/www.artemis-arte-pedagogia.it\/index.php?rest_route=\/wp\/v2\/users\/1"}],"replies":[{"embeddable":true,"href":"https:\/\/www.artemis-arte-pedagogia.it\/index.php?rest_route=%2Fwp%2Fv2%2Fcomments&post=1882"}],"version-history":[{"count":3,"href":"https:\/\/www.artemis-arte-pedagogia.it\/index.php?rest_route=\/wp\/v2\/posts\/1882\/revisions"}],"predecessor-version":[{"id":1887,"href":"https:\/\/www.artemis-arte-pedagogia.it\/index.php?rest_route=\/wp\/v2\/posts\/1882\/revisions\/1887"}],"wp:attachment":[{"href":"https:\/\/www.artemis-arte-pedagogia.it\/index.php?rest_route=%2Fwp%2Fv2%2Fmedia&parent=1882"}],"wp:term":[{"taxonomy":"category","embeddable":true,"href":"https:\/\/www.artemis-arte-pedagogia.it\/index.php?rest_route=%2Fwp%2Fv2%2Fcategories&post=1882"},{"taxonomy":"post_tag","embeddable":true,"href":"https:\/\/www.artemis-arte-pedagogia.it\/index.php?rest_route=%2Fwp%2Fv2%2Ftags&post=1882"}],"curies":[{"name":"wp","href":"https:\/\/api.w.org\/{rel}","templated":true}]}}