{"id":1948,"date":"2025-03-20T12:05:35","date_gmt":"2025-03-20T12:05:35","guid":{"rendered":"https:\/\/www.artemis-arte-pedagogia.it\/?p=1948"},"modified":"2025-03-20T12:06:05","modified_gmt":"2025-03-20T12:06:05","slug":"%f0%9f%93%9a-29-3-2025-dalle-1600-alle-1800-presentazione-offerta-formativa-a-s-2025-2026","status":"publish","type":"post","link":"https:\/\/www.artemis-arte-pedagogia.it\/?p=1948","title":{"rendered":"\ud83d\udcda 29\/3\/2025 dalle 16:00 alle 18:00 \u2013 Presentazione offerta formativa a.s. 2025\/2026"},"content":{"rendered":"\n<figure class=\"wp-block-image size-large\"><a href=\"https:\/\/www.artemis-arte-pedagogia.it\/wp-content\/uploads\/2025\/03\/WhatsApp-Image-2025-03-16-at-23.15.32acq2.png\"><img decoding=\"async\" loading=\"lazy\" width=\"1024\" height=\"722\" src=\"https:\/\/www.artemis-arte-pedagogia.it\/wp-content\/uploads\/2025\/03\/WhatsApp-Image-2025-03-16-at-23.15.32acq2-1024x722.png\" alt=\"\" class=\"wp-image-1949\" srcset=\"https:\/\/www.artemis-arte-pedagogia.it\/wp-content\/uploads\/2025\/03\/WhatsApp-Image-2025-03-16-at-23.15.32acq2-1024x722.png 1024w, https:\/\/www.artemis-arte-pedagogia.it\/wp-content\/uploads\/2025\/03\/WhatsApp-Image-2025-03-16-at-23.15.32acq2-300x212.png 300w, https:\/\/www.artemis-arte-pedagogia.it\/wp-content\/uploads\/2025\/03\/WhatsApp-Image-2025-03-16-at-23.15.32acq2-768x541.png 768w, https:\/\/www.artemis-arte-pedagogia.it\/wp-content\/uploads\/2025\/03\/WhatsApp-Image-2025-03-16-at-23.15.32acq2-1536x1083.png 1536w, https:\/\/www.artemis-arte-pedagogia.it\/wp-content\/uploads\/2025\/03\/WhatsApp-Image-2025-03-16-at-23.15.32acq2.png 1600w\" sizes=\"(max-width: 1024px) 100vw, 1024px\" \/><\/a><\/figure>\n\n\n\n<p><strong>Sabato 29 marzo dalle ore 16:00 alle 18:00 in via dei Leo 8<\/strong>:\u00a0<br><\/p>\n\n\n\n<p>\u2b50\u2b50\u2b50 PRESENTAZIONE DEL PIANO DI STUDI DELLA NOSTRA REALT\u00c0 STEINER-WALDORF \u2b50\u2b50\u2b50\u00a0<\/p>\n\n\n\n<p>Un\u2019occasione per:<\/p>\n\n\n\n<p>\ud83d\udcda Conoscere la pedagogia e la didattica steineriana, dalla prima elementare alla terza media.<\/p>\n\n\n\n<p>\ud83c\udf31 Scoprire come accompagniamo i bambini nella crescita, aiutandoli a superare le sfide di ogni fase evolutiva.<\/p>\n\n\n\n<p>\ud83d\udc69\ud83c\udffc\u200d\ud83e\udd1d\u200d\ud83d\udc69\ud83c\udffd Comprendere come questa pedagogia favorisca un apprendimento sereno e armonioso, sviluppando capacit\u00e0 di osservazione, abilit\u00e0 intellettuali e manuali, nonch\u00e9 competenze emotive e sociali in un ambiente stimolante e gratificante.<\/p>\n\n\n\n<p>\ud835\udc3c\ud835\udc5b\ud835\udc54\ud835\udc5f\ud835\udc52\ud835\udc60\ud835\udc60\ud835\udc5c \ud835\udc59\ud835\udc56\ud835\udc4f\ud835\udc52\ud835\udc5f\ud835\udc5c. \ud835\udc43\ud835\udc52\ud835\udc5f \ud835\udc59\ud835\udc52 \ud835\udc5a\ud835\udc5c\ud835\udc51\ud835\udc4e\ud835\udc59\ud835\udc56\ud835\udc61\ud835\udc4e\u0300 \ud835\udc52 \ud835\udc56 \ud835\udc50\ud835\udc5c\ud835\udc5b\ud835\udc61\ud835\udc52\ud835\udc5b\ud835\udc62\ud835\udc61\ud835\udc56 \ud835\udc4e\ud835\udc53\ud835\udc53\ud835\udc5f\ud835\udc5c\ud835\udc5b\ud835\udc61\ud835\udc4e\ud835\udc61\ud835\udc56, \ud835\udc59&#8217;\ud835\udc56\ud835\udc5b\ud835\udc50\ud835\udc5c\ud835\udc5b\ud835\udc61\ud835\udc5f\ud835\udc5c \ud835\udc52\u0300 \ud835\udc5f\ud835\udc56\ud835\udc60\ud835\udc52\ud835\udc5f\ud835\udc63\ud835\udc4e\ud835\udc61\ud835\udc5c \ud835\udc4e\ud835\udc54\ud835\udc59\ud835\udc56 \ud835\udc4e\ud835\udc51\ud835\udc62\ud835\udc59\ud835\udc61\ud835\udc56, \ud835\udc60\ud835\udc56 \ud835\udc5d\ud835\udc5f\ud835\udc52\ud835\udc54\ud835\udc4e \ud835\udc54\ud835\udc52\ud835\udc5b\ud835\udc61\ud835\udc56\ud835\udc59\ud835\udc5a\ud835\udc52\ud835\udc5b\ud835\udc61\ud835\udc52 \ud835\udc51\ud835\udc56 \ud835\udc5b\ud835\udc5c\ud835\udc5b \ud835\udc5d\ud835\udc5c\ud835\udc5f\ud835\udc61\ud835\udc4e\ud835\udc5f\ud835\udc52 \ud835\udc56 \ud835\udc4f\ud835\udc4e\ud835\udc5a\ud835\udc4f\ud835\udc56\ud835\udc5b\ud835\udc56. \ud835\udc37\ud835\udc62\ud835\udc5f\ud835\udc4e\ud835\udc61\ud835\udc4e 2 \ud835\udc5c\ud835\udc5f\ud835\udc52, \ud835\udc52\u0300 \ud835\udc54\ud835\udc5f\ud835\udc4e\ud835\udc51\ud835\udc56\ud835\udc61\ud835\udc4e \ud835\udc59\ud835\udc4e \ud835\udc5d\ud835\udc5f\ud835\udc52\ud835\udc5b\ud835\udc5c\ud835\udc61\ud835\udc4e\ud835\udc67\ud835\udc56\ud835\udc5c\ud835\udc5b\ud835\udc52 \ud835\udc4e\ud835\udc59 \ud835\udc5b\ud835\udc62\ud835\udc5a\ud835\udc52\ud835\udc5f\ud835\udc5c 340 7897138\u00a0\ud83d\ude4f<\/p>\n\n\n\n<p>Vi aspettiamo!\u00a0\ud83e\udd17<\/p>\n<!-- AddThis Advanced Settings generic via filter on the_content --><!-- AddThis Share Buttons generic via filter on the_content -->","protected":false},"excerpt":{"rendered":"<p>Sabato 29 marzo dalle ore 16:00 alle 18:00 in via dei Leo 8:\u00a0 \u2b50\u2b50\u2b50 PRESENTAZIONE DEL PIANO DI STUDI DELLA NOSTRA REALT\u00c0 STEINER-WALDORF \u2b50\u2b50\u2b50\u00a0 Un\u2019occasione per: \ud83d\udcda Conoscere la pedagogia e la didattica steineriana, dalla prima elementare alla terza media. \ud83c\udf31 Scoprire come accompagniamo i bambini nella crescita, aiutandoli a superare le sfide di ogni fase evolutiva. \ud83d\udc69\ud83c\udffc\u200d\ud83e\udd1d\u200d\ud83d\udc69\ud83c\udffd Comprendere come questa pedagogia favorisca un apprendimento sereno e armonioso, sviluppando capacit\u00e0 di osservazione, abilit\u00e0 intellettuali e manuali, nonch\u00e9 competenze emotive e<a class=\"more-link\" href=\"https:\/\/www.artemis-arte-pedagogia.it\/?p=1948\"><span>Continua a leggere&#8230;<\/span><\/a><!-- AddThis Advanced Settings generic via filter on get_the_excerpt --><!-- AddThis Share Buttons generic via filter on get_the_excerpt --><\/p>\n","protected":false},"author":1,"featured_media":0,"comment_status":"closed","ping_status":"closed","sticky":false,"template":"","format":"standard","meta":{"ngg_post_thumbnail":0},"categories":[4,22,1],"tags":[],"_links":{"self":[{"href":"https:\/\/www.artemis-arte-pedagogia.it\/index.php?rest_route=\/wp\/v2\/posts\/1948"}],"collection":[{"href":"https:\/\/www.artemis-arte-pedagogia.it\/index.php?rest_route=\/wp\/v2\/posts"}],"about":[{"href":"https:\/\/www.artemis-arte-pedagogia.it\/index.php?rest_route=\/wp\/v2\/types\/post"}],"author":[{"embeddable":true,"href":"https:\/\/www.artemis-arte-pedagogia.it\/index.php?rest_route=\/wp\/v2\/users\/1"}],"replies":[{"embeddable":true,"href":"https:\/\/www.artemis-arte-pedagogia.it\/index.php?rest_route=%2Fwp%2Fv2%2Fcomments&post=1948"}],"version-history":[{"count":2,"href":"https:\/\/www.artemis-arte-pedagogia.it\/index.php?rest_route=\/wp\/v2\/posts\/1948\/revisions"}],"predecessor-version":[{"id":1951,"href":"https:\/\/www.artemis-arte-pedagogia.it\/index.php?rest_route=\/wp\/v2\/posts\/1948\/revisions\/1951"}],"wp:attachment":[{"href":"https:\/\/www.artemis-arte-pedagogia.it\/index.php?rest_route=%2Fwp%2Fv2%2Fmedia&parent=1948"}],"wp:term":[{"taxonomy":"category","embeddable":true,"href":"https:\/\/www.artemis-arte-pedagogia.it\/index.php?rest_route=%2Fwp%2Fv2%2Fcategories&post=1948"},{"taxonomy":"post_tag","embeddable":true,"href":"https:\/\/www.artemis-arte-pedagogia.it\/index.php?rest_route=%2Fwp%2Fv2%2Ftags&post=1948"}],"curies":[{"name":"wp","href":"https:\/\/api.w.org\/{rel}","templated":true}]}}