{"id":455,"date":"2015-12-28T17:23:08","date_gmt":"2015-12-28T17:23:08","guid":{"rendered":"http:\/\/www.artemis-arte-pedagogia.it\/altro\/?p=455"},"modified":"2019-05-12T09:17:20","modified_gmt":"2019-05-12T09:17:20","slug":"verso-una-scuola-steiner-waldorf","status":"publish","type":"post","link":"https:\/\/www.artemis-arte-pedagogia.it\/?p=455","title":{"rendered":"Verso una scuola Steiner-Waldorf"},"content":{"rendered":"<p>Le realt\u00e0 educative Steiner-Waldorf nascono dalla buona e ferma volont\u00e0 di genitori ed insegnanti che, insieme, edificano, proprio letteralmente, la scuola per i propri figli.<br \/>\nSe il lavoro degli insegnanti viene riconsciuto come salutare e valido dal visibile benessere dei bambini e dal positivo riscontro dei genitori, la comunit\u00e0 iniziale cresce e si consolida e con essa anche la struttura fisica che la ospita.<br \/>\nNon \u00e8 la scuola di un preside, di un imprenditore o di un astratto ministero: \u00e8 la scuola dei bambini, dei cui interessi i genitori ed insegnanti, di comune accordo, si fanno promotori e portatori.<br \/>\nPer questo, inizialmente, pu\u00f2 avere qualche elemento in comune con una home schooling, ma va ben oltre. Pu\u00f2 diventare una realt\u00e0 scolastica a tutti gli effetti, purch\u00e8 in questo percorso non perda la vitalit\u00e0, l&#8217;interesse del e per il bambino, la gestione partecipata e condivisa, nonch\u00e8 la visione dell&#8217;uomo che l&#8217;hanno animata.<br \/>\nNoi maestre abbiamo deposto i pennelli, l&#8217;arpa pentatonica e i ferri da maglia delle attivit\u00e0 mattutine, per armarci di cacciavite e levigatrice.<br \/>\nMamme e pap\u00e0, tra parquet da posare, mobili da montare, bambole da cucire, condividono con noi l&#8217;entusiasmo e l&#8217;emozione di creare e costruire il luogo che desiderano per i propri figli.<br \/>\nSono settimane ormai di lavoro incessante.<br \/>\n&#8221; Ma chi ve lo fa fare ? &#8220;, ci chiede qualcuno..<br \/>\nGli occhi accesi di salute, entusiasmo e gratitudine dei bambini che sono stati con noi anche per solo un paio di settimane estive&#8230;<br \/>\nLo sguardo pieno di forza e orgogliosa soddisfazione di un genitore, che ci racconta di come, alla domanda della propria bambina: &#8220;Pap\u00e0, ma dove vai adesso?&#8221; abbia risposto : &#8221; A costruire un luogo magico per te..&#8221;<br \/>\nSono momenti unici ed indimenticabili, carichi di forza, verit\u00e0, bellezza.<br \/>\nPerch\u00e8, alla fine, nonostante tutto.. se si vuole.. SI PUO&#8217; !<\/p>\n<!-- AddThis Advanced Settings generic via filter on the_content --><!-- AddThis Share Buttons generic via filter on the_content -->","protected":false},"excerpt":{"rendered":"<p>Le realt\u00e0 educative Steiner-Waldorf nascono dalla buona e ferma volont\u00e0 di genitori ed insegnanti che, insieme, edificano, proprio letteralmente, la scuola per i propri figli. Se il lavoro degli insegnanti viene riconsciuto come salutare e valido dal visibile benessere dei bambini e dal positivo riscontro dei genitori, la comunit\u00e0 iniziale cresce e si consolida e con essa anche la struttura fisica che la ospita. Non \u00e8 la scuola di un preside, di un imprenditore o di un astratto ministero: \u00e8<a class=\"more-link\" href=\"https:\/\/www.artemis-arte-pedagogia.it\/?p=455\"><span>Continua a leggere&#8230;<\/span><\/a><!-- AddThis Advanced Settings generic via filter on get_the_excerpt --><!-- AddThis Share Buttons generic via filter on get_the_excerpt --><\/p>\n","protected":false},"author":1,"featured_media":454,"comment_status":"closed","ping_status":"closed","sticky":false,"template":"","format":"standard","meta":{"ngg_post_thumbnail":0},"categories":[7],"tags":[13,8,18,15,17],"_links":{"self":[{"href":"https:\/\/www.artemis-arte-pedagogia.it\/index.php?rest_route=\/wp\/v2\/posts\/455"}],"collection":[{"href":"https:\/\/www.artemis-arte-pedagogia.it\/index.php?rest_route=\/wp\/v2\/posts"}],"about":[{"href":"https:\/\/www.artemis-arte-pedagogia.it\/index.php?rest_route=\/wp\/v2\/types\/post"}],"author":[{"embeddable":true,"href":"https:\/\/www.artemis-arte-pedagogia.it\/index.php?rest_route=\/wp\/v2\/users\/1"}],"replies":[{"embeddable":true,"href":"https:\/\/www.artemis-arte-pedagogia.it\/index.php?rest_route=%2Fwp%2Fv2%2Fcomments&post=455"}],"version-history":[{"count":4,"href":"https:\/\/www.artemis-arte-pedagogia.it\/index.php?rest_route=\/wp\/v2\/posts\/455\/revisions"}],"predecessor-version":[{"id":1524,"href":"https:\/\/www.artemis-arte-pedagogia.it\/index.php?rest_route=\/wp\/v2\/posts\/455\/revisions\/1524"}],"wp:featuredmedia":[{"embeddable":true,"href":"https:\/\/www.artemis-arte-pedagogia.it\/index.php?rest_route=\/wp\/v2\/media\/454"}],"wp:attachment":[{"href":"https:\/\/www.artemis-arte-pedagogia.it\/index.php?rest_route=%2Fwp%2Fv2%2Fmedia&parent=455"}],"wp:term":[{"taxonomy":"category","embeddable":true,"href":"https:\/\/www.artemis-arte-pedagogia.it\/index.php?rest_route=%2Fwp%2Fv2%2Fcategories&post=455"},{"taxonomy":"post_tag","embeddable":true,"href":"https:\/\/www.artemis-arte-pedagogia.it\/index.php?rest_route=%2Fwp%2Fv2%2Ftags&post=455"}],"curies":[{"name":"wp","href":"https:\/\/api.w.org\/{rel}","templated":true}]}}