{"id":466,"date":"2015-12-27T18:02:16","date_gmt":"2015-12-27T18:02:16","guid":{"rendered":"http:\/\/www.artemis-arte-pedagogia.it\/altro\/?p=466"},"modified":"2015-12-30T22:11:31","modified_gmt":"2015-12-30T22:11:31","slug":"le-fiabe-tra-tradizione-e-modernita","status":"publish","type":"post","link":"https:\/\/www.artemis-arte-pedagogia.it\/?p=466","title":{"rendered":"Le fiabe tra tradizione e modernit\u00e0"},"content":{"rendered":"<p>Ogni giorno il momento della fiaba \u00e8 il cuore delle nostre attivit\u00e0 pedagogiche&#8230;<br \/>\nAnche le pi\u00f9 moderne ricerche scientifiche ne\u00a0dimostrano la fondamentale importanza!<\/p>\n<p>Ecco il <a href=\"http:\/\/www.corriere.it\/scuola\/primaria\/15_agosto_20\/ascoltare-storie-lette-genitori-o-insegnanti-fa-bene-bambini-dff8e23c-472f-11e5-aa5e-2130add6a46c.shtml\">link ad un interessante articolo\u00a0sul\u00a0Corriere della Sera<\/a><\/p>\n<!-- AddThis Advanced Settings generic via filter on the_content --><!-- AddThis Share Buttons generic via filter on the_content -->","protected":false},"excerpt":{"rendered":"<p>Ogni giorno il momento della fiaba \u00e8 il cuore delle nostre attivit\u00e0 pedagogiche&#8230; Anche le pi\u00f9 moderne ricerche scientifiche ne\u00a0dimostrano la fondamentale importanza! Ecco il link ad un interessante articolo\u00a0sul\u00a0Corriere della Sera<!-- AddThis Advanced Settings generic via filter on get_the_excerpt --><!-- AddThis Share Buttons generic via filter on get_the_excerpt --><\/p>\n","protected":false},"author":1,"featured_media":39,"comment_status":"closed","ping_status":"closed","sticky":false,"template":"","format":"standard","meta":{"ngg_post_thumbnail":0},"categories":[7],"tags":[13,14,16,15],"_links":{"self":[{"href":"https:\/\/www.artemis-arte-pedagogia.it\/index.php?rest_route=\/wp\/v2\/posts\/466"}],"collection":[{"href":"https:\/\/www.artemis-arte-pedagogia.it\/index.php?rest_route=\/wp\/v2\/posts"}],"about":[{"href":"https:\/\/www.artemis-arte-pedagogia.it\/index.php?rest_route=\/wp\/v2\/types\/post"}],"author":[{"embeddable":true,"href":"https:\/\/www.artemis-arte-pedagogia.it\/index.php?rest_route=\/wp\/v2\/users\/1"}],"replies":[{"embeddable":true,"href":"https:\/\/www.artemis-arte-pedagogia.it\/index.php?rest_route=%2Fwp%2Fv2%2Fcomments&post=466"}],"version-history":[{"count":4,"href":"https:\/\/www.artemis-arte-pedagogia.it\/index.php?rest_route=\/wp\/v2\/posts\/466\/revisions"}],"predecessor-version":[{"id":749,"href":"https:\/\/www.artemis-arte-pedagogia.it\/index.php?rest_route=\/wp\/v2\/posts\/466\/revisions\/749"}],"wp:featuredmedia":[{"embeddable":true,"href":"https:\/\/www.artemis-arte-pedagogia.it\/index.php?rest_route=\/wp\/v2\/media\/39"}],"wp:attachment":[{"href":"https:\/\/www.artemis-arte-pedagogia.it\/index.php?rest_route=%2Fwp%2Fv2%2Fmedia&parent=466"}],"wp:term":[{"taxonomy":"category","embeddable":true,"href":"https:\/\/www.artemis-arte-pedagogia.it\/index.php?rest_route=%2Fwp%2Fv2%2Fcategories&post=466"},{"taxonomy":"post_tag","embeddable":true,"href":"https:\/\/www.artemis-arte-pedagogia.it\/index.php?rest_route=%2Fwp%2Fv2%2Ftags&post=466"}],"curies":[{"name":"wp","href":"https:\/\/api.w.org\/{rel}","templated":true}]}}