{"id":846,"date":"2016-01-06T19:14:20","date_gmt":"2016-01-06T19:14:20","guid":{"rendered":"http:\/\/www.artemis-arte-pedagogia.it\/?p=846"},"modified":"2016-02-03T19:30:19","modified_gmt":"2016-02-03T19:30:19","slug":"incontro-gli-strumenti-tecnologici-come-comunicano-e-come-ci-inducono-a-comunicare","status":"publish","type":"post","link":"https:\/\/www.artemis-arte-pedagogia.it\/?p=846","title":{"rendered":"12\/02 Incontro &#8211; Gli strumenti tecnologici: come pensano e come ci inducono a pensare"},"content":{"rendered":"<p>VENERD\u00ec 12 febbraio vi invitiamo a questo interessante incontro<\/p>\n<p>Gli strumenti tecnologici: come pensano e come ci inducono a pensare. Tra aspetti storici, statistisci, retroscena e curiosit\u00e0. Per non essere solo fruitori passivi di ci\u00f2 che \u00e8 ormai parte integrante della quotidianit\u00e0 nostra e dei nostri figli.<br \/>\nIngresso libero.<br \/>\nTrieste, Androna San Saverio 1 (San Giusto)<\/p>\n<p>tel. 347 9398023<br \/>\nemail: artemis.arte.pedagogia@gmail.com<\/p>\n<p>Vi aspettiamo!<\/p>\n<p><a href=\"https:\/\/www.artemis-arte-pedagogia.it\/wp-content\/uploads\/2016\/01\/282a7612b4b885b9e4dd87094b6c0655.jpg\" rel=\"attachment wp-att-852\"><img decoding=\"async\" loading=\"lazy\" class=\"alignnone size-medium wp-image-852\" src=\"https:\/\/www.artemis-arte-pedagogia.it\/wp-content\/uploads\/2016\/01\/282a7612b4b885b9e4dd87094b6c0655-218x300.jpg\" alt=\"282a7612b4b885b9e4dd87094b6c0655\" width=\"218\" height=\"300\" srcset=\"https:\/\/www.artemis-arte-pedagogia.it\/wp-content\/uploads\/2016\/01\/282a7612b4b885b9e4dd87094b6c0655-218x300.jpg 218w, https:\/\/www.artemis-arte-pedagogia.it\/wp-content\/uploads\/2016\/01\/282a7612b4b885b9e4dd87094b6c0655.jpg 736w\" sizes=\"(max-width: 218px) 100vw, 218px\" \/><\/a><\/p>\n<!-- AddThis Advanced Settings generic via filter on the_content --><!-- AddThis Share Buttons generic via filter on the_content -->","protected":false},"excerpt":{"rendered":"<p>VENERD\u00ec 12 febbraio vi invitiamo a questo interessante incontro Gli strumenti tecnologici: come pensano e come ci inducono a pensare. Tra aspetti storici, statistisci, retroscena e curiosit\u00e0. Per non essere solo fruitori passivi di ci\u00f2 che \u00e8 ormai parte integrante della quotidianit\u00e0 nostra e dei nostri figli. Ingresso libero. Trieste, Androna San Saverio 1 (San Giusto) tel. 347 9398023 email: artemis.arte.pedagogia@gmail.com Vi aspettiamo!<!-- AddThis Advanced Settings generic via filter on get_the_excerpt --><!-- AddThis Share Buttons generic via filter on get_the_excerpt --><\/p>\n","protected":false},"author":1,"featured_media":0,"comment_status":"closed","ping_status":"closed","sticky":false,"template":"","format":"standard","meta":{"ngg_post_thumbnail":0},"categories":[4],"tags":[],"_links":{"self":[{"href":"https:\/\/www.artemis-arte-pedagogia.it\/index.php?rest_route=\/wp\/v2\/posts\/846"}],"collection":[{"href":"https:\/\/www.artemis-arte-pedagogia.it\/index.php?rest_route=\/wp\/v2\/posts"}],"about":[{"href":"https:\/\/www.artemis-arte-pedagogia.it\/index.php?rest_route=\/wp\/v2\/types\/post"}],"author":[{"embeddable":true,"href":"https:\/\/www.artemis-arte-pedagogia.it\/index.php?rest_route=\/wp\/v2\/users\/1"}],"replies":[{"embeddable":true,"href":"https:\/\/www.artemis-arte-pedagogia.it\/index.php?rest_route=%2Fwp%2Fv2%2Fcomments&post=846"}],"version-history":[{"count":7,"href":"https:\/\/www.artemis-arte-pedagogia.it\/index.php?rest_route=\/wp\/v2\/posts\/846\/revisions"}],"predecessor-version":[{"id":895,"href":"https:\/\/www.artemis-arte-pedagogia.it\/index.php?rest_route=\/wp\/v2\/posts\/846\/revisions\/895"}],"wp:attachment":[{"href":"https:\/\/www.artemis-arte-pedagogia.it\/index.php?rest_route=%2Fwp%2Fv2%2Fmedia&parent=846"}],"wp:term":[{"taxonomy":"category","embeddable":true,"href":"https:\/\/www.artemis-arte-pedagogia.it\/index.php?rest_route=%2Fwp%2Fv2%2Fcategories&post=846"},{"taxonomy":"post_tag","embeddable":true,"href":"https:\/\/www.artemis-arte-pedagogia.it\/index.php?rest_route=%2Fwp%2Fv2%2Ftags&post=846"}],"curies":[{"name":"wp","href":"https:\/\/api.w.org\/{rel}","templated":true}]}}