{"id":967,"date":"2016-03-18T16:01:48","date_gmt":"2016-03-18T16:01:48","guid":{"rendered":"http:\/\/www.artemis-arte-pedagogia.it\/?p=967"},"modified":"2016-04-25T11:31:30","modified_gmt":"2016-04-25T11:31:30","slug":"1504-conferenza-quando-il-mio-bambino-e-pronto-per-andare-a-scuola","status":"publish","type":"post","link":"https:\/\/www.artemis-arte-pedagogia.it\/?p=967","title":{"rendered":"AVVISO: Conferenza del 15\/04 RIMANDATA"},"content":{"rendered":"<p>Cari soci ed amici,<br \/>\npurtroppo, per motivi di salute, il relatore della conferenza sulla maturit\u00e0 scolare di venerd\u00ec 15 aprile, non potr\u00e0 essere a Trieste. L&#8217;appuntamento \u00e8 pertanto rimandato a data da destinarsi. Ci spiace tanto! Tenete d&#8217;occhio la nostra pagina fb e il nostro sito\u00a0per rimanere aggiornati sulle nostre iniziative.<\/p>\n<p>&nbsp;<\/p>\n<!-- AddThis Advanced Settings generic via filter on the_content --><!-- AddThis Share Buttons generic via filter on the_content -->","protected":false},"excerpt":{"rendered":"<p>Cari soci ed amici, purtroppo, per motivi di salute, il relatore della conferenza sulla maturit\u00e0 scolare di venerd\u00ec 15 aprile, non potr\u00e0 essere a Trieste. L&#8217;appuntamento \u00e8 pertanto rimandato a data da destinarsi. Ci spiace tanto! Tenete d&#8217;occhio la nostra pagina fb e il nostro sito\u00a0per rimanere aggiornati sulle nostre iniziative. &nbsp;<!-- AddThis Advanced Settings generic via filter on get_the_excerpt --><!-- AddThis Share Buttons generic via filter on get_the_excerpt --><\/p>\n","protected":false},"author":1,"featured_media":0,"comment_status":"closed","ping_status":"closed","sticky":false,"template":"","format":"standard","meta":{"ngg_post_thumbnail":0},"categories":[1],"tags":[],"_links":{"self":[{"href":"https:\/\/www.artemis-arte-pedagogia.it\/index.php?rest_route=\/wp\/v2\/posts\/967"}],"collection":[{"href":"https:\/\/www.artemis-arte-pedagogia.it\/index.php?rest_route=\/wp\/v2\/posts"}],"about":[{"href":"https:\/\/www.artemis-arte-pedagogia.it\/index.php?rest_route=\/wp\/v2\/types\/post"}],"author":[{"embeddable":true,"href":"https:\/\/www.artemis-arte-pedagogia.it\/index.php?rest_route=\/wp\/v2\/users\/1"}],"replies":[{"embeddable":true,"href":"https:\/\/www.artemis-arte-pedagogia.it\/index.php?rest_route=%2Fwp%2Fv2%2Fcomments&post=967"}],"version-history":[{"count":6,"href":"https:\/\/www.artemis-arte-pedagogia.it\/index.php?rest_route=\/wp\/v2\/posts\/967\/revisions"}],"predecessor-version":[{"id":978,"href":"https:\/\/www.artemis-arte-pedagogia.it\/index.php?rest_route=\/wp\/v2\/posts\/967\/revisions\/978"}],"wp:attachment":[{"href":"https:\/\/www.artemis-arte-pedagogia.it\/index.php?rest_route=%2Fwp%2Fv2%2Fmedia&parent=967"}],"wp:term":[{"taxonomy":"category","embeddable":true,"href":"https:\/\/www.artemis-arte-pedagogia.it\/index.php?rest_route=%2Fwp%2Fv2%2Fcategories&post=967"},{"taxonomy":"post_tag","embeddable":true,"href":"https:\/\/www.artemis-arte-pedagogia.it\/index.php?rest_route=%2Fwp%2Fv2%2Ftags&post=967"}],"curies":[{"name":"wp","href":"https:\/\/api.w.org\/{rel}","templated":true}]}}